{"id":7574,"date":"2025-05-17T19:30:00","date_gmt":"2025-05-17T19:30:00","guid":{"rendered":"https:\/\/jornal365.com.br\/?p=7574"},"modified":"2025-12-26T04:08:33","modified_gmt":"2025-12-26T04:08:33","slug":"2025-ben-az-inditexnel-szeretne-dolgozni","status":"publish","type":"post","link":"https:\/\/jornal365.com.br\/hu\/emprego\/quer-trabalhar-na-inditex-em-2025\/","title":{"rendered":"Szeretne az Inditexn\u00e9l dolgozni? N\u00e9zze meg a fizet\u00e9st, juttat\u00e1sokat \u00e9s hogyan t\u0171nhet ki 2025-ben"},"content":{"rendered":"<div data-elementor-type=\"wp-post\" data-elementor-id=\"7574\" class=\"elementor elementor-7574\">\n\t\t\t\t<div class=\"elementor-element elementor-element-0c2ad5a e-con-full e-flex wpr-particle-no wpr-jarallax-no wpr-parallax-no wpr-sticky-section-no wpr-column-slider-no wpr-equal-height-no e-con e-parent\" data-id=\"0c2ad5a\" data-element_type=\"container\" data-e-type=\"container\">\n\t\t\t\t<div class=\"elementor-element elementor-element-1751b56 elementor-widget elementor-widget-html\" data-id=\"1751b56\" data-element_type=\"widget\" data-e-type=\"widget\" data-widget_type=\"html.default\">\n\t\t\t\t\t<div class=\"ad-label\" style=\"font-size:10px;text-align:center;color:#000;\">Hirdet\u00e9sek<\/div>\t\t\t\t<\/div>\n\t\t\t\t<div class=\"elementor-element elementor-element-709fa80 elementor-widget elementor-widget-text-editor\" data-id=\"709fa80\" data-element_type=\"widget\" data-e-type=\"widget\" data-widget_type=\"text-editor.default\">\n\t\t\t\t\t\t\t\t\t<p class=\"\" data-start=\"386\" data-end=\"733\">Ha arr\u00f3l \u00e1lmodsz, hogy a vil\u00e1g egyik legnagyobb divatc\u00e9g\u00e9n\u00e9l dolgozol, akkor tudnod kell, hogy a csoport <strong data-start=\"477\" data-end=\"488\">Inditex<\/strong> - olyan m\u00e1rk\u00e1k tulajdonosa, mint a Zara, a Bershka, a Pull&amp;Bear \u00e9s a Stradivarius - a Zara, a Bershka, a Pull&amp;Bear \u00e9s a Stradivarius. <strong data-start=\"562\" data-end=\"608\">nyitott poz\u00edci\u00f3k k\u00fcl\u00f6nb\u00f6z\u0151 ter\u00fcleteken Spanyolorsz\u00e1gban<\/strong>. A fizikai \u00fczletekben rejl\u0151 lehet\u0151s\u00e9gek mellett a csoport olyan ter\u00fcletekre is felv\u00e9telt hirdet, mint a logisztika, a tervez\u00e9s, a marketing \u00e9s a technol\u00f3gia.<\/p><p class=\"\" data-start=\"735\" data-end=\"967\">Ebben a cikkben megtudhatja, hogy <strong data-start=\"768\" data-end=\"810\">hogyan lehet jelentkezni az Inditex \u00e1ll\u00e1saj\u00e1nlataira<\/strong>, a <strong data-start=\"815\" data-end=\"835\">fizet\u00e9sek eur\u00f3ban<\/strong>, a <strong data-start=\"840\" data-end=\"865\">k\u00edn\u00e1lt juttat\u00e1sok<\/strong>, mit kell tanulni ahhoz, hogy versenyk\u00e9pes jel\u00f6lt legy\u00e9l \u00e9s <strong data-start=\"917\" data-end=\"966\">val\u00f3ban meg\u00e9ri-e a v\u00e1llalatnak dolgozni<\/strong>.<\/p><blockquote data-start=\"969\" data-end=\"1061\"><p class=\"\" data-start=\"971\" data-end=\"1061\">Olvasson tov\u00e1bb, hogy n\u00f6velje az es\u00e9lyeit arra, hogy 2025-ben az Inditex csoportn\u00e1l kapjon \u00e1ll\u00e1st.<\/p><\/blockquote>\t\t\t\t\t\t\t\t<\/div>\n\t\t\t\t<\/div>\n\t\t<div class=\"elementor-element elementor-element-383f279 e-flex e-con-boxed wpr-particle-no wpr-jarallax-no wpr-parallax-no wpr-sticky-section-no wpr-column-slider-no wpr-equal-height-no e-con e-parent\" data-id=\"383f279\" data-element_type=\"container\" data-e-type=\"container\">\n\t\t\t\t\t<div class=\"e-con-inner\">\n\t\t\t\t<div class=\"elementor-element elementor-element-7465a29 elementor-align-center elementor-widget elementor-widget-button\" data-id=\"7465a29\" data-element_type=\"widget\" data-e-type=\"widget\" data-widget_type=\"button.default\">\n\t\t\t\t\t\t\t\t\t\t<a class=\"elementor-button elementor-button-link elementor-size-sm\" href=\"https:\/\/jornal365.com.br\/hu\/foglalkoztatas\/mercadona-esta-contratando-em-2025\/\">\n\t\t\t\t\t\t<span class=\"elementor-button-content-wrapper\">\n\t\t\t\t\t\t\t\t\t<span class=\"elementor-button-text\">\ud83d\udc49\u00cdme, \u00edgy jelentkezz \u00e1ll\u00e1sra a Mercadon\u00e1n\u00e1l<\/span>\n\t\t\t\t\t<\/span>\n\t\t\t\t\t<\/a>\n\t\t\t\t\t\t\t\t<\/div>\n\t\t\t\t\t<\/div>\n\t\t\t\t<\/div>\n\t\t<div class=\"elementor-element elementor-element-392c354 e-flex e-con-boxed wpr-particle-no wpr-jarallax-no wpr-parallax-no wpr-sticky-section-no wpr-column-slider-no wpr-equal-height-no e-con e-parent\" data-id=\"392c354\" data-element_type=\"container\" data-e-type=\"container\">\n\t\t\t\t\t<div class=\"e-con-inner\">\n\t\t<div class=\"elementor-element elementor-element-824f03a e-con-full e-flex wpr-particle-no wpr-jarallax-no wpr-parallax-no wpr-sticky-section-no wpr-column-slider-no wpr-equal-height-no e-con e-child\" data-id=\"824f03a\" data-element_type=\"container\" data-e-type=\"container\">\n\t\t\t\t<div class=\"elementor-element elementor-element-3001572 elementor-align-center elementor-widget elementor-widget-button\" data-id=\"3001572\" data-element_type=\"widget\" data-e-type=\"widget\" data-widget_type=\"button.default\">\n\t\t\t\t\t\t\t\t\t\t<a class=\"elementor-button elementor-button-link elementor-size-sm\" href=\"https:\/\/jornal365.com.br\/hu\/foglalkoztatas\/repsollista-de-vagas-abertas-em-2025\/\">\n\t\t\t\t\t\t<span class=\"elementor-button-content-wrapper\">\n\t\t\t\t\t\t\t\t\t<span class=\"elementor-button-text\">\ud83d\udc49 Hogyan jelentkezhetsz a Repsol \u00e1ll\u00e1sokra?<\/span>\n\t\t\t\t\t<\/span>\n\t\t\t\t\t<\/a>\n\t\t\t\t\t\t\t\t<\/div>\n\t\t\t\t<\/div>\n\t\t\t\t\t<\/div>\n\t\t\t\t<\/div>\n\t\t<div class=\"elementor-element elementor-element-25d22d5 e-flex e-con-boxed wpr-particle-no wpr-jarallax-no wpr-parallax-no wpr-sticky-section-no wpr-column-slider-no wpr-equal-height-no e-con e-parent\" data-id=\"25d22d5\" data-element_type=\"container\" data-e-type=\"container\">\n\t\t\t\t\t<div class=\"e-con-inner\">\n\t\t\t\t<div class=\"elementor-element elementor-element-40b741f elementor-widget elementor-widget-text-editor\" data-id=\"40b741f\" data-element_type=\"widget\" data-e-type=\"widget\" data-widget_type=\"text-editor.default\">\n\t\t\t\t\t\t\t\t\t<h2 class=\"\" data-start=\"1068\" data-end=\"1100\">Mi\u00e9rt \u00e9rdemes az Inditexn\u00e9l dolgozni?<\/h2><p class=\"\" data-start=\"1102\" data-end=\"1288\">Az Inditex-csoport t\u00f6bb mint 200 piacon van jelen, t\u00f6bb mint 150 000 embert foglalkoztat, \u00e9s folyamatosan befektet az innov\u00e1ci\u00f3ba \u00e9s a szakmai fejl\u0151d\u00e9sbe. A munkav\u00e1llal\u00f3k hozz\u00e1f\u00e9rhetnek<\/p><ul data-start=\"1290\" data-end=\"1591\"><li class=\"\" data-start=\"1290\" data-end=\"1383\"><p class=\"\" data-start=\"1292\" data-end=\"1383\"><strong data-start=\"1292\" data-end=\"1323\">Versenyk\u00e9pes fizet\u00e9s eur\u00f3ban<\/strong>, a k\u00f6vetkez\u0151 \u00e9rt\u00e9kekkel <strong data-start=\"1343\" data-end=\"1362\">\u20ac1.200 e \u20ac3.800<\/strong>, a helyzett\u0151l f\u00fcgg\u0151en<\/p><\/li><li class=\"\" data-start=\"1384\" data-end=\"1414\"><p class=\"\" data-start=\"1386\" data-end=\"1414\">Kedvezm\u00e9nyek a csoport \u00fczleteiben<\/p><\/li><li class=\"\" data-start=\"1415\" data-end=\"1521\"><p class=\"\" data-start=\"1417\" data-end=\"1521\">Olyan juttat\u00e1sok, mint az eg\u00e9szs\u00e9gbiztos\u00edt\u00e1s, \u00e9tkez\u00e9si utalv\u00e1nyok, k\u00f6zleked\u00e9si eszk\u00f6z\u00f6k \u00e9s egy\u00e9ni fejleszt\u00e9si terv.<\/p><\/li><li class=\"\" data-start=\"1522\" data-end=\"1591\"><p class=\"\" data-start=\"1524\" data-end=\"1591\">Multikultur\u00e1lis k\u00f6rnyezet \u00e9s nemzetk\u00f6zi fejl\u0151d\u00e9si lehet\u0151s\u00e9gek<\/p><\/li><\/ul><p class=\"\" data-start=\"1593\" data-end=\"1686\">A v\u00e1llalatot fenntarthat\u00f3 gyakorlatai\u00e9rt \u00e9s t\u00e1rsadalmi integr\u00e1ci\u00f3s programjai\u00e9rt is elismerik.<\/p>\t\t\t\t\t\t\t\t<\/div>\n\t\t\t\t\t<\/div>\n\t\t\t\t<\/div>\n\t\t<div class=\"elementor-element elementor-element-c31bbd2 e-flex e-con-boxed wpr-particle-no wpr-jarallax-no wpr-parallax-no wpr-sticky-section-no wpr-column-slider-no wpr-equal-height-no e-con e-parent\" data-id=\"c31bbd2\" data-element_type=\"container\" data-e-type=\"container\">\n\t\t\t\t\t<div class=\"e-con-inner\">\n\t\t<div class=\"elementor-element elementor-element-437552b e-con-full e-flex wpr-particle-no wpr-jarallax-no wpr-parallax-no wpr-sticky-section-no wpr-column-slider-no wpr-equal-height-no e-con e-child\" data-id=\"437552b\" data-element_type=\"container\" data-e-type=\"container\">\n\t\t\t\t<div class=\"elementor-element elementor-element-2076ca9 elementor-align-center elementor-widget elementor-widget-button\" data-id=\"2076ca9\" data-element_type=\"widget\" data-e-type=\"widget\" data-widget_type=\"button.default\">\n\t\t\t\t\t\t\t\t\t\t<a class=\"elementor-button elementor-button-link elementor-size-sm\" href=\"https:\/\/jornal365.com.br\/hu\/foglalkoztatas\/caixabank-2025-ben-meghirdetett-allashelyek\/\">\n\t\t\t\t\t\t<span class=\"elementor-button-content-wrapper\">\n\t\t\t\t\t\t\t\t\t<span class=\"elementor-button-text\">\ud83d\udc49\u00cdme, \u00edgy p\u00e1ly\u00e1zhatsz a CaixaBankn\u00e1l<\/span>\n\t\t\t\t\t<\/span>\n\t\t\t\t\t<\/a>\n\t\t\t\t\t\t\t\t<\/div>\n\t\t\t\t<\/div>\n\t\t\t\t\t<\/div>\n\t\t\t\t<\/div>\n\t\t<div class=\"elementor-element elementor-element-0285fc9 e-flex e-con-boxed wpr-particle-no wpr-jarallax-no wpr-parallax-no wpr-sticky-section-no wpr-column-slider-no wpr-equal-height-no e-con e-parent\" data-id=\"0285fc9\" data-element_type=\"container\" data-e-type=\"container\">\n\t\t\t\t\t<div class=\"e-con-inner\">\n\t\t\t\t<div class=\"elementor-element elementor-element-e392020 elementor-widget elementor-widget-text-editor\" data-id=\"e392020\" data-element_type=\"widget\" data-e-type=\"widget\" data-widget_type=\"text-editor.default\">\n\t\t\t\t\t\t\t\t\t<h2 class=\"\" data-start=\"1693\" data-end=\"1734\">Hogyan lehet jelentkezni az Inditex \u00e1ll\u00e1sokra<\/h2><p class=\"\" data-start=\"1736\" data-end=\"1827\">A p\u00e1ly\u00e1zatok beny\u00fajt\u00e1s\u00e1ra v\u00e1rjuk a jelentkez\u00e9seket <strong data-start=\"1767\" data-end=\"1792\">kiz\u00e1r\u00f3lag online<\/strong>, A folyamat gyors \u00e9s egyszer\u0171.<\/p><h3 class=\"\" data-start=\"1829\" data-end=\"1872\">1. L\u00e9pjen be a hivatalos karrierport\u00e1lra<\/h3><p class=\"\" data-start=\"1874\" data-end=\"1953\">Jelentkezzen be:<br data-start=\"1883\" data-end=\"1886\" \/>\ud83d\udc49 <a class=\"\" href=\"https:\/\/www.inditexcareers.com\" target=\"_new\" rel=\"noopener\" data-start=\"1889\" data-end=\"1953\">https:\/\/www.inditexcareers.com<\/a><\/p><p class=\"\" data-start=\"1955\" data-end=\"2030\">Itt az \u00e1ll\u00e1saj\u00e1nlatokat orsz\u00e1g, m\u00e1rka, funkci\u00f3 \u00e9s szerz\u0151d\u00e9st\u00edpus szerint sz\u0171rheti.<\/p><h3 class=\"\" data-start=\"2032\" data-end=\"2073\">2. Hozzon l\u00e9tre fi\u00f3kot \u00e9s t\u00f6ltse ki a profilj\u00e1t<\/h3><p class=\"\" data-start=\"2075\" data-end=\"2218\">T\u00f6ltse ki gondosan az \u00f6sszes mez\u0151t. Csatolja friss\u00edtett \u00f6n\u00e9letrajz\u00e1t (lehet\u0151leg spanyol nyelven) \u00e9s, ha lehets\u00e9ges, k\u00eds\u00e9r\u0151level\u00e9t.<\/p><h3 class=\"\" data-start=\"2220\" data-end=\"2249\">3. V\u00e1lassza ki \u00e9s alkalmazza<\/h3><p class=\"\" data-start=\"2251\" data-end=\"2420\">Olvassa el figyelmesen a munkak\u00f6ri k\u00f6vetelm\u00e9nyeket, \u00e9s k\u00fcldje el jelentkez\u00e9s\u00e9t n\u00e9h\u00e1ny kattint\u00e1ssal. A rendszer intuit\u00edv, \u00e9s k\u00f6nnyen \u00e1ttekinthet\u0151v\u00e9 teszi a kiv\u00e1laszt\u00e1si folyamat \u00e1ll\u00e1s\u00e1t.<\/p>\t\t\t\t\t\t\t\t<\/div>\n\t\t\t\t\t<\/div>\n\t\t\t\t<\/div>\n\t\t<div class=\"elementor-element elementor-element-14b7f48 e-flex e-con-boxed wpr-particle-no wpr-jarallax-no wpr-parallax-no wpr-sticky-section-no wpr-column-slider-no wpr-equal-height-no e-con e-parent\" data-id=\"14b7f48\" data-element_type=\"container\" data-e-type=\"container\">\n\t\t\t\t\t<div class=\"e-con-inner\">\n\t\t\t\t<div class=\"elementor-element elementor-element-1cd48e1 elementor-align-center elementor-widget elementor-widget-button\" data-id=\"1cd48e1\" data-element_type=\"widget\" data-e-type=\"widget\" data-widget_type=\"button.default\">\n\t\t\t\t\t\t\t\t\t\t<a class=\"elementor-button elementor-button-link elementor-size-sm\" href=\"https:\/\/jornal365.com.br\/hu\/foglalkoztatas\/axa-se-candidate-as-vagas-de-emprego\/\">\n\t\t\t\t\t\t<span class=\"elementor-button-content-wrapper\">\n\t\t\t\t\t\t\t\t\t<span class=\"elementor-button-text\">\ud83d\udc49 Hogyan jelentkezhetsz az AXA \u00e1ll\u00e1sokra?<\/span>\n\t\t\t\t\t<\/span>\n\t\t\t\t\t<\/a>\n\t\t\t\t\t\t\t\t<\/div>\n\t\t\t\t\t<\/div>\n\t\t\t\t<\/div>\n\t\t<div class=\"elementor-element elementor-element-edce1d2 e-flex e-con-boxed wpr-particle-no wpr-jarallax-no wpr-parallax-no wpr-sticky-section-no wpr-column-slider-no wpr-equal-height-no e-con e-parent\" data-id=\"edce1d2\" data-element_type=\"container\" data-e-type=\"container\">\n\t\t\t\t\t<div class=\"e-con-inner\">\n\t\t\t\t<div class=\"elementor-element elementor-element-49ff00d elementor-widget elementor-widget-text-editor\" data-id=\"49ff00d\" data-element_type=\"widget\" data-e-type=\"widget\" data-widget_type=\"text-editor.default\">\n\t\t\t\t\t\t\t\t\t<h2 class=\"\" data-start=\"2427\" data-end=\"2477\">Az Inditexn\u00e9l 2025-ben a legt\u00f6bb lehet\u0151s\u00e9get k\u00edn\u00e1l\u00f3 ter\u00fcletek<\/h2><p class=\"\" data-start=\"2479\" data-end=\"2524\">A toborz\u00e1s szempontj\u00e1b\u00f3l a legforr\u00f3bb ter\u00fcletek a k\u00f6vetkez\u0151k:<\/p><ul data-start=\"2526\" data-end=\"2914\"><li class=\"\" data-start=\"2526\" data-end=\"2610\"><p class=\"\" data-start=\"2528\" data-end=\"2610\"><strong data-start=\"2528\" data-end=\"2571\">\u00dcgyf\u00e9lszolg\u00e1lat \u00e9s bolti \u00e9rt\u00e9kes\u00edt\u00e9s<\/strong><br data-start=\"2571\" data-end=\"2574\" \/>\u00c1tlagos fizet\u00e9s: <strong data-start=\"2591\" data-end=\"2610\">\u20ac1.300 a \u20ac1.800<\/strong><\/p><\/li><li class=\"\" data-start=\"2612\" data-end=\"2692\"><p class=\"\" data-start=\"2614\" data-end=\"2692\"><strong data-start=\"2614\" data-end=\"2653\">Logisztikai \u00e9s eloszt\u00f3k\u00f6zpontok<\/strong><br data-start=\"2653\" data-end=\"2656\" \/>\u00c1tlagos fizet\u00e9s: <strong data-start=\"2673\" data-end=\"2692\">\u20ac1.400 a \u20ac2.000<\/strong><\/p><\/li><li class=\"\" data-start=\"2694\" data-end=\"2773\"><p class=\"\" data-start=\"2696\" data-end=\"2773\"><strong data-start=\"2696\" data-end=\"2734\">Technol\u00f3gia \u00e9s digit\u00e1lis \u00e1talakul\u00e1s<\/strong><br data-start=\"2734\" data-end=\"2737\" \/>\u00c1tlagos fizet\u00e9s: <strong data-start=\"2754\" data-end=\"2773\">\u20ac2.800 a \u20ac3.800<\/strong><\/p><\/li><li class=\"\" data-start=\"2775\" data-end=\"2845\"><p class=\"\" data-start=\"2777\" data-end=\"2845\"><strong data-start=\"2777\" data-end=\"2806\">Divattervez\u00e9s \u00e9s gy\u00e1rt\u00e1s<\/strong><br data-start=\"2806\" data-end=\"2809\" \/>\u00c1tlagos fizet\u00e9s: <strong data-start=\"2826\" data-end=\"2845\">\u20ac2.200 a \u20ac3.200<\/strong><\/p><\/li><li class=\"\" data-start=\"2847\" data-end=\"2914\"><p class=\"\" data-start=\"2849\" data-end=\"2914\"><strong data-start=\"2849\" data-end=\"2875\">Marketing \u00e9s e-kereskedelem<\/strong><br data-start=\"2875\" data-end=\"2878\" \/>\u00c1tlagos fizet\u00e9s: <strong data-start=\"2895\" data-end=\"2914\">\u20ac2.500 a \u20ac3.500<\/strong><\/p><\/li><\/ul><p class=\"\" data-start=\"2916\" data-end=\"3014\">A k\u00f6vetkez\u0151 v\u00e1rosokban vannak \u00fcres \u00e1ll\u00e1shelyek <strong data-start=\"2955\" data-end=\"3013\">La Coru\u00f1a (sz\u00e9khely), Madrid, Barcelona, Valencia \u00e9s Sevilla.<\/strong>.<\/p><h2 class=\"\" data-start=\"3021\" data-end=\"3052\">Mikor ny\u00edlnak meg az \u00fcres \u00e1ll\u00e1shelyek?<\/h2><p class=\"\" data-start=\"3054\" data-end=\"3156\">A lehet\u0151s\u00e9geket eg\u00e9sz \u00e9vben k\u00f6zz\u00e9teszik, de a <strong data-start=\"3113\" data-end=\"3151\">a legjobb id\u0151pont a jelentkez\u00e9shez<\/strong> vannak:<\/p><ul data-start=\"3158\" data-end=\"3327\"><li class=\"\" data-start=\"3158\" data-end=\"3218\"><p class=\"\" data-start=\"3160\" data-end=\"3218\"><strong data-start=\"3160\" data-end=\"3179\">Janu\u00e1rt\u00f3l m\u00e1rciusig<\/strong> - a csapatok meger\u0151s\u00edt\u00e9se az \u00e9v v\u00e9ge ut\u00e1n<\/p><\/li><li class=\"\" data-start=\"3219\" data-end=\"3275\"><p class=\"\" data-start=\"3221\" data-end=\"3275\"><strong data-start=\"3221\" data-end=\"3237\">M\u00e1just\u00f3l j\u00faliusig<\/strong> - felv\u00e9teli a ny\u00e1ri szezonra<\/p><\/li><li class=\"\" data-start=\"3276\" data-end=\"3327\"><p class=\"\" data-start=\"3278\" data-end=\"3327\"><strong data-start=\"3278\" data-end=\"3301\">Szeptembert\u0151l novemberig<\/strong> - felk\u00e9sz\u00fcl\u00e9s a kar\u00e1csonyra<\/p><\/li><\/ul><p class=\"\" data-start=\"3329\" data-end=\"3428\">Ezen k\u00edv\u00fcl a csoport mindig megnyitja a v\u00e1laszt\u00e1sokat a <strong data-start=\"3375\" data-end=\"3427\">gyakornoki, fiatal gyakornoki \u00e9s gyakornoki programok<\/strong>.<\/p>\t\t\t\t\t\t\t\t<\/div>\n\t\t\t\t\t<\/div>\n\t\t\t\t<\/div>\n\t\t<div class=\"elementor-element elementor-element-0011328 e-flex e-con-boxed wpr-particle-no wpr-jarallax-no wpr-parallax-no wpr-sticky-section-no wpr-column-slider-no wpr-equal-height-no e-con e-parent\" data-id=\"0011328\" data-element_type=\"container\" data-e-type=\"container\">\n\t\t\t\t\t<div class=\"e-con-inner\">\n\t\t\t\t<div class=\"elementor-element elementor-element-e7fb9cd elementor-align-center elementor-widget elementor-widget-button\" data-id=\"e7fb9cd\" data-element_type=\"widget\" data-e-type=\"widget\" data-widget_type=\"button.default\">\n\t\t\t\t\t\t\t\t\t\t<a class=\"elementor-button elementor-button-link elementor-size-sm\" href=\"https:\/\/jornal365.com.br\/hu\/foglalkoztatas\/totalenergies-esta-contratando-em-2025\/\">\n\t\t\t\t\t\t<span class=\"elementor-button-content-wrapper\">\n\t\t\t\t\t\t\t\t\t<span class=\"elementor-button-text\">\ud83d\udc49\u00cdme, \u00edgy jelentkezhetsz a TotalEnergiesn\u00e9l <\/span>\n\t\t\t\t\t<\/span>\n\t\t\t\t\t<\/a>\n\t\t\t\t\t\t\t\t<\/div>\n\t\t\t\t\t<\/div>\n\t\t\t\t<\/div>\n\t\t<div class=\"elementor-element elementor-element-20f6b0e e-flex e-con-boxed wpr-particle-no wpr-jarallax-no wpr-parallax-no wpr-sticky-section-no wpr-column-slider-no wpr-equal-height-no e-con e-parent\" data-id=\"20f6b0e\" data-element_type=\"container\" data-e-type=\"container\">\n\t\t\t\t\t<div class=\"e-con-inner\">\n\t\t\t\t<div class=\"elementor-element elementor-element-603ae9a elementor-widget elementor-widget-text-editor\" data-id=\"603ae9a\" data-element_type=\"widget\" data-e-type=\"widget\" data-widget_type=\"text-editor.default\">\n\t\t\t\t\t\t\t\t\t<h2 class=\"\" data-start=\"3435\" data-end=\"3478\">Mit kell tanulni, hogy az Inditexn\u00e9l dolgozhass?<\/h2><p class=\"\" data-start=\"3480\" data-end=\"3518\">A leg\u00e9rt\u00e9kesebb k\u00e9pz\u00e9sek k\u00f6z\u00e9 tartoznak:<\/p><ul data-start=\"3520\" data-end=\"3682\"><li class=\"\" data-start=\"3520\" data-end=\"3535\"><p class=\"\" data-start=\"3522\" data-end=\"3535\">Divat \u00e9s design<\/p><\/li><li class=\"\" data-start=\"3536\" data-end=\"3569\"><p class=\"\" data-start=\"3538\" data-end=\"3569\">Logisztika \u00e9s m\u0171veletir\u00e1ny\u00edt\u00e1s<\/p><\/li><li class=\"\" data-start=\"3570\" data-end=\"3589\"><p class=\"\" data-start=\"3572\" data-end=\"3589\">Digit\u00e1lis marketing<\/p><\/li><li class=\"\" data-start=\"3590\" data-end=\"3617\"><p class=\"\" data-start=\"3592\" data-end=\"3617\">\u00dczleti adminisztr\u00e1ci\u00f3<\/p><\/li><li class=\"\" data-start=\"3618\" data-end=\"3644\"><p class=\"\" data-start=\"3620\" data-end=\"3644\">Sz\u00e1m\u00edt\u00e1stechnika<\/p><\/li><li class=\"\" data-start=\"3645\" data-end=\"3682\"><p class=\"\" data-start=\"3647\" data-end=\"3682\">Szervezetpszichol\u00f3gia (HR sz\u00e1m\u00e1ra)<\/p><\/li><\/ul><p class=\"\" data-start=\"3684\" data-end=\"3830\"><strong data-start=\"3684\" data-end=\"3701\">K\u00fcl\u00f6nbs\u00e9gek:<\/strong><br data-start=\"3701\" data-end=\"3704\" \/>Nyelvtanfolyamok (angol, francia, olasz), e-kereskedelmi tan\u00fas\u00edtv\u00e1nyok, halad\u00f3 Excel \u00e9s az \u00fcgyf\u00e9l\u00e9lm\u00e9ny fogalma.<\/p><hr class=\"\" data-start=\"3832\" data-end=\"3835\" \/><h2 class=\"\" data-start=\"3837\" data-end=\"3873\">Meg\u00e9ri az Inditexn\u00e9l dolgozni?<\/h2><p class=\"\" data-start=\"3875\" data-end=\"4069\">Igen, az Inditex egy olyan multinacion\u00e1lis v\u00e1llalat, amely \u00e9rt\u00e9keli a munkav\u00e1llal\u00f3it, \u00e9s struktur\u00e1lt karriertervet k\u00edn\u00e1l. A k\u00f6rnyezet dinamikus, innovat\u00edv \u00e9s tele van lehet\u0151s\u00e9gekkel, bele\u00e9rtve a nemzetk\u00f6zi lehet\u0151s\u00e9geket is.<\/p><p class=\"\" data-start=\"4071\" data-end=\"4189\">Sok alkalmazott operat\u00edv poz\u00edci\u00f3ban kezd, \u00e9s hamarosan fel\u00fcgyeleti vagy szakir\u00e1ny\u00fa feladatokat l\u00e1t el.<\/p>\t\t\t\t\t\t\t\t<\/div>\n\t\t\t\t\t<\/div>\n\t\t\t\t<\/div>\n\t\t<div class=\"elementor-element elementor-element-f9d19d2 e-flex e-con-boxed wpr-particle-no wpr-jarallax-no wpr-parallax-no wpr-sticky-section-no wpr-column-slider-no wpr-equal-height-no e-con e-parent\" data-id=\"f9d19d2\" data-element_type=\"container\" data-e-type=\"container\">\n\t\t\t\t\t<div class=\"e-con-inner\">\n\t\t\t\t<div class=\"elementor-element elementor-element-3aa00b8 elementor-align-center elementor-widget elementor-widget-button\" data-id=\"3aa00b8\" data-element_type=\"widget\" data-e-type=\"widget\" data-widget_type=\"button.default\">\n\t\t\t\t\t\t\t\t\t\t<a class=\"elementor-button elementor-button-link elementor-size-sm\" href=\"https:\/\/jornal365.com.br\/hu\/foglalkoztatas\/allianz-hogyan-kell-jelentkezni\/\">\n\t\t\t\t\t\t<span class=\"elementor-button-content-wrapper\">\n\t\t\t\t\t\t\t\t\t<span class=\"elementor-button-text\">\ud83d\udc49\u00cdme, \u00edgy jelentkezz az Allianzhoz<\/span>\n\t\t\t\t\t<\/span>\n\t\t\t\t\t<\/a>\n\t\t\t\t\t\t\t\t<\/div>\n\t\t\t\t\t<\/div>\n\t\t\t\t<\/div>\n\t\t<div class=\"elementor-element elementor-element-58cb32e e-flex e-con-boxed wpr-particle-no wpr-jarallax-no wpr-parallax-no wpr-sticky-section-no wpr-column-slider-no wpr-equal-height-no e-con e-parent\" data-id=\"58cb32e\" data-element_type=\"container\" data-e-type=\"container\">\n\t\t\t\t\t<div class=\"e-con-inner\">\n\t\t\t\t<div class=\"elementor-element elementor-element-a476615 elementor-widget elementor-widget-text-editor\" data-id=\"a476615\" data-element_type=\"widget\" data-e-type=\"widget\" data-widget_type=\"text-editor.default\">\n\t\t\t\t\t\t\t\t\t<h2 class=\"\" data-start=\"4300\" data-end=\"4329\">GYIK - Gyakran Ism\u00e9telt K\u00e9rd\u00e9sek<\/h2><h3 class=\"\" data-start=\"4331\" data-end=\"4385\">1 - Sz\u00fcks\u00e9gem van tapasztalatra ahhoz, hogy az Inditexn\u00e9l dolgozhassak?<\/h3><p class=\"\" data-start=\"4387\" data-end=\"4470\">Nem felt\u00e9tlen\u00fcl. Vannak \u00fcres \u00e1ll\u00e1shelyek kezd\u0151k sz\u00e1m\u00e1ra, k\u00fcl\u00f6n\u00f6sen az \u00fczletekben \u00e9s a logisztik\u00e1ban.<\/p><h3 class=\"\" data-start=\"4472\" data-end=\"4507\">2 - Mik a f\u0151 el\u0151ny\u00f6k?<\/h3><p class=\"\" data-start=\"4509\" data-end=\"4656\">A fizet\u00e9sen k\u00edv\u00fcl a v\u00e1llalat a k\u00f6vetkez\u0151ket k\u00edn\u00e1lja <strong data-start=\"4544\" data-end=\"4604\">term\u00e9kkedvezm\u00e9nyek, eg\u00e9szs\u00e9gbiztos\u00edt\u00e1s, t\u00e1mogatott \u00e9tkez\u00e9s<\/strong>, k\u00e9pz\u00e9si lehet\u0151s\u00e9gek \u00e9s bels\u0151 mobilit\u00e1s.<\/p><h3 class=\"\" data-start=\"4658\" data-end=\"4685\">3 - T\u00e1volr\u00f3l is dolgozhatok?<\/h3><p class=\"\" data-start=\"4687\" data-end=\"4811\">Egyes v\u00e1llalati funkci\u00f3k lehet\u0151v\u00e9 teszik a t\u00e1vmunk\u00e1t vagy a hibrid modellt, k\u00fcl\u00f6n\u00f6sen a technol\u00f3gia \u00e9s a marketing ter\u00fclet\u00e9n.<\/p><h3 class=\"\" data-start=\"4813\" data-end=\"4849\">4 - Az Inditex alkalmaz k\u00fclf\u00f6ldieket?<\/h3><p class=\"\" data-start=\"4851\" data-end=\"4936\">Igen, amennyiben a p\u00e1ly\u00e1z\u00f3nak van t\u00f6rv\u00e9nyes enged\u00e9lye arra, hogy Spanyolorsz\u00e1gban \u00e9ljen \u00e9s dolgozzon.<\/p><h2 data-start=\"0\" data-end=\"24\">V\u00e9gs\u0151 megfontol\u00e1sok<\/h2><p class=\"\" data-start=\"26\" data-end=\"600\">Az Inditexn\u00e9l val\u00f3 elhelyezked\u00e9s lehet az els\u0151 l\u00e9p\u00e9s a vil\u00e1g egyik legnagyobb divatc\u00e9g\u00e9n\u00e9l val\u00f3 biztos karrier fel\u00e9. Versenyk\u00e9pes eur\u00f3fizet\u00e9sekkel, vonz\u00f3 juttat\u00e1sokkal \u00e9s n\u00f6veked\u00e9si lehet\u0151s\u00e9gekkel a v\u00e1llalat k\u00fcl\u00f6nb\u00f6z\u0151 ter\u00fcleteken k\u00edn\u00e1l k\u00fcl\u00f6nb\u00f6z\u0151 poz\u00edci\u00f3kat.<\/p><p class=\"\" data-start=\"26\" data-end=\"600\">A megfelel\u0151 l\u00e9p\u00e9sek betart\u00e1s\u00e1val, a megfelel\u0151 felk\u00e9sz\u00fcl\u00e9ssel \u00e9s az \u00e1ltalunk bemutatott tippek alkalmaz\u00e1s\u00e1val jelent\u0151sen megn\u00f6velheti az es\u00e9ly\u00e9t, hogy kit\u0171nj\u00f6n a jelentkez\u0151k k\u00f6z\u00fcl. Figyeljen a hat\u00e1rid\u0151kre, tartsa naprak\u00e9szen \u00f6n\u00e9letrajz\u00e1t, \u00e9s a kiv\u00e1laszt\u00e1si folyamat minden szakasz\u00e1t magabiztosan \u00e9s strat\u00e9giailag haszn\u00e1lja ki.<\/p><p data-start=\"26\" data-end=\"600\">\ud83d\udc49 Tartsd szemmel\u00a0<a style=\"background-color: #ffffff;\" href=\"https:\/\/jornal365.com.br\/hu\/\">blog<\/a>\u00a0a k\u00f6vetkez\u0151 cikkek\u00e9rt\u00a0<a style=\"background-color: #ffffff;\" href=\"https:\/\/www.instagram.com\/jornal.365\/\" target=\"_blank\" rel=\"noopener\">\u00dajs\u00e1g 365.<\/a><\/p>\t\t\t\t\t\t\t\t<\/div>\n\t\t\t\t\t<\/div>\n\t\t\t\t<\/div>\n\t\t\t\t<\/div>","protected":false},"excerpt":{"rendered":"<p>An\u00fancio Se voc\u00ea sonha em trabalhar em uma das maiores empresas de moda do mundo, saiba que o grupo Inditex \u2014 dono de marcas como Zara, Bershka, Pull&amp;Bear e Stradivarius \u2014 est\u00e1 com vagas abertas em diversas \u00e1reas na Espanha. Al\u00e9m de oportunidades nas lojas f\u00edsicas, o grupo tamb\u00e9m contrata para \u00e1reas como log\u00edstica, design, marketing e tecnologia. Neste artigo, voc\u00ea vai descobrir como se inscrever nas vagas da Inditex, os sal\u00e1rios em euro, os benef\u00edcios oferecidos, o que estudar para ser um candidato competitivo e se realmente vale a pena trabalhar na empresa. Continue lendo para aumentar suas chances de conquistar uma vaga no Grupo Inditex em 2025. \ud83d\udc49Veja Como se Inscrever nas Vagas da Mercadona \ud83d\udc49Veja Como se Inscrever nas Vagas da Repsol Por Que Trabalhar na Inditex? O Grupo Inditex est\u00e1 presente em mais de 200 mercados, emprega mais de 150 mil pessoas e investe constantemente em inova\u00e7\u00e3o e desenvolvimento profissional. Os colaboradores t\u00eam acesso a: Sal\u00e1rio competitivo em euro, com valores entre \u20ac1.200 e \u20ac3.800, dependendo do cargo Descontos nas lojas do grupo Benef\u00edcios como seguro de sa\u00fade, vale-refei\u00e7\u00e3o, aux\u00edlio transporte e plano de desenvolvimento individual Ambiente multicultural e oportunidades de crescimento internacional Al\u00e9m disso, a empresa \u00e9 reconhecida por pr\u00e1ticas sustent\u00e1veis e programas de inclus\u00e3o social. \ud83d\udc49Veja Como se Inscrever nas Vagas da CaixaBank Como se Inscrever nas Vagas da Inditex A candidatura \u00e0s vagas \u00e9 feita exclusivamente online, e o processo \u00e9 r\u00e1pido e objetivo. 1. Acesse o portal oficial de carreiras Entre em:\ud83d\udc49 https:\/\/www.inditexcareers.com L\u00e1 voc\u00ea poder\u00e1 filtrar as vagas por pa\u00eds, marca, fun\u00e7\u00e3o e tipo de contrato. 2. Crie sua conta e preencha o perfil Preencha todos os campos com aten\u00e7\u00e3o. Anexe seu curr\u00edculo atualizado (preferencialmente em espanhol) e, se poss\u00edvel, uma carta de apresenta\u00e7\u00e3o. 3. Escolha e se candidate Leia atentamente os requisitos da vaga e envie sua candidatura com apenas alguns cliques. O sistema \u00e9 intuitivo e facilita a visualiza\u00e7\u00e3o do status do processo seletivo. \ud83d\udc49Veja Como se Inscrever nas Vagas da AXA \u00c1reas com Mais Oportunidades na Inditex em 2025 As \u00e1reas mais aquecidas para contrata\u00e7\u00e3o s\u00e3o: Atendimento ao cliente e vendas em lojaSal\u00e1rio m\u00e9dio: \u20ac1.300 a \u20ac1.800 Log\u00edstica e centros de distribui\u00e7\u00e3oSal\u00e1rio m\u00e9dio: \u20ac1.400 a \u20ac2.000 Tecnologia e transforma\u00e7\u00e3o digitalSal\u00e1rio m\u00e9dio: \u20ac2.800 a \u20ac3.800 Design de moda e produ\u00e7\u00e3oSal\u00e1rio m\u00e9dio: \u20ac2.200 a \u20ac3.200 Marketing e e-commerceSal\u00e1rio m\u00e9dio: \u20ac2.500 a \u20ac3.500 As vagas s\u00e3o constantes nas cidades de La Coru\u00f1a (sede), Madri, Barcelona, Val\u00eancia e Sevilha. Quando as Vagas S\u00e3o Abertas? As oportunidades s\u00e3o publicadas durante o ano todo, mas os melhores per\u00edodos para candidatura s\u00e3o: Janeiro a mar\u00e7o \u2013 refor\u00e7o de equipes ap\u00f3s o fim de ano Maio a julho \u2013 contrata\u00e7\u00e3o para temporada de ver\u00e3o Setembro a novembro \u2013 prepara\u00e7\u00e3o para o Natal Al\u00e9m disso, o grupo sempre abre sele\u00e7\u00f5es para est\u00e1gios, programas de jovem aprendiz e trainees. \ud83d\udc49Veja Como se Inscrever nas Vagas da TotalEnergies O Que Estudar para Trabalhar na Inditex? As forma\u00e7\u00f5es mais valorizadas incluem: Moda e Design Log\u00edstica e Gest\u00e3o de Opera\u00e7\u00f5es Marketing Digital Administra\u00e7\u00e3o de Empresas Engenharia da Computa\u00e7\u00e3o Psicologia Organizacional (para RH) Diferenciais:Cursos em idiomas (ingl\u00eas, franc\u00eas, italiano), certifica\u00e7\u00f5es em e-commerce, Excel avan\u00e7ado e no\u00e7\u00f5es de experi\u00eancia do cliente. Vale a Pena Trabalhar na Inditex? Sim! A Inditex \u00e9 uma multinacional que valoriza seus colaboradores e oferece um plano de carreira estruturado. O ambiente \u00e9 din\u00e2mico, inovador e cheio de oportunidades, inclusive internacionais. Muitos funcion\u00e1rios iniciam em cargos operacionais e, em pouco tempo, assumem fun\u00e7\u00f5es de supervis\u00e3o ou especializa\u00e7\u00e3o. \ud83d\udc49Veja Como se Inscrever nas Vagas da Allianz FAQ \u2013 Perguntas Frequentes 1 &#8211; Preciso ter experi\u00eancia para trabalhar na Inditex? N\u00e3o necessariamente. H\u00e1 vagas para iniciantes, especialmente nas lojas e log\u00edstica. 2 &#8211; Quais os principais benef\u00edcios? Al\u00e9m do sal\u00e1rio, a empresa oferece descontos em produtos, seguro sa\u00fade, refei\u00e7\u00e3o subsidiada, oportunidades de capacita\u00e7\u00e3o e mobilidade interna. 3 &#8211; Posso trabalhar remoto? Algumas fun\u00e7\u00f5es corporativas permitem trabalho remoto ou modelo h\u00edbrido, principalmente nas \u00e1reas de tecnologia e marketing. 4 &#8211; A Inditex contrata estrangeiros? Sim, desde que o candidato tenha permiss\u00e3o legal para residir e trabalhar na Espanha. Considera\u00e7\u00f5es Finais Conquistar uma vaga na Inditex pode ser o primeiro passo para uma carreira s\u00f3lida em uma das maiores empresas do setor de moda no mundo. Com sal\u00e1rios competitivos em euro, benef\u00edcios atrativos e oportunidades de crescimento, a empresa oferece diversas posi\u00e7\u00f5es em diferentes \u00e1reas. Ao seguir os passos certos, preparar-se bem e aplicar as dicas que apresentamos, voc\u00ea aumenta significativamente suas chances de se destacar entre os candidatos. Fique atento aos prazos, mantenha seu curr\u00edculo atualizado e aproveite cada etapa do processo seletivo com confian\u00e7a e estrat\u00e9gia. \ud83d\udc49 Fique de olho aqui no\u00a0blog\u00a0para os pr\u00f3ximos artigos no\u00a0Jornal 365.<\/p>","protected":false},"author":1,"featured_media":7603,"comment_status":"open","ping_status":"open","sticky":false,"template":"","format":"standard","meta":{"googlesitekit_rrm_CAow2qXbCw:productID":"","neve_meta_sidebar":"","neve_meta_container":"","neve_meta_enable_content_width":"","neve_meta_content_width":0,"neve_meta_title_alignment":"","neve_meta_author_avatar":"","neve_post_elements_order":"","neve_meta_disable_header":"","neve_meta_disable_footer":"","neve_meta_disable_title":"","footnotes":""},"categories":[1],"tags":[],"post_folder":[],"class_list":["post-7574","post","type-post","status-publish","format-standard","has-post-thumbnail","hentry","category-emprego"],"_links":{"self":[{"href":"https:\/\/jornal365.com.br\/hu\/wp-json\/wp\/v2\/posts\/7574","targetHints":{"allow":["GET"]}}],"collection":[{"href":"https:\/\/jornal365.com.br\/hu\/wp-json\/wp\/v2\/posts"}],"about":[{"href":"https:\/\/jornal365.com.br\/hu\/wp-json\/wp\/v2\/types\/post"}],"author":[{"embeddable":true,"href":"https:\/\/jornal365.com.br\/hu\/wp-json\/wp\/v2\/users\/1"}],"replies":[{"embeddable":true,"href":"https:\/\/jornal365.com.br\/hu\/wp-json\/wp\/v2\/comments?post=7574"}],"version-history":[{"count":3,"href":"https:\/\/jornal365.com.br\/hu\/wp-json\/wp\/v2\/posts\/7574\/revisions"}],"predecessor-version":[{"id":17706,"href":"https:\/\/jornal365.com.br\/hu\/wp-json\/wp\/v2\/posts\/7574\/revisions\/17706"}],"wp:featuredmedia":[{"embeddable":true,"href":"https:\/\/jornal365.com.br\/hu\/wp-json\/wp\/v2\/media\/7603"}],"wp:attachment":[{"href":"https:\/\/jornal365.com.br\/hu\/wp-json\/wp\/v2\/media?parent=7574"}],"wp:term":[{"taxonomy":"category","embeddable":true,"href":"https:\/\/jornal365.com.br\/hu\/wp-json\/wp\/v2\/categories?post=7574"},{"taxonomy":"post_tag","embeddable":true,"href":"https:\/\/jornal365.com.br\/hu\/wp-json\/wp\/v2\/tags?post=7574"},{"taxonomy":"post_folder","embeddable":true,"href":"https:\/\/jornal365.com.br\/hu\/wp-json\/wp\/v2\/post_folder?post=7574"}],"curies":[{"name":"wp","href":"https:\/\/api.w.org\/{rel}","templated":true}]}}