{"id":18798,"date":"2026-02-24T13:12:31","date_gmt":"2026-02-24T13:12:31","guid":{"rendered":"https:\/\/jornal365.com.br\/?p=18798"},"modified":"2026-08-20T15:24:08","modified_gmt":"2026-08-20T15:24:08","slug":"neden-nestlede-calismali","status":"publish","type":"post","link":"https:\/\/jornal365.com.br\/tr\/emprego\/por-que-trabalhar-na-nestle\/","title":{"rendered":"Neden Nestl\u00e9&#x27;de \u00c7al\u0131\u015fmal\u0131? \u0130stikrar, Sosyal Haklar ve Mesleki Geli\u015fim"},"content":{"rendered":"<div data-elementor-type=\"wp-post\" data-elementor-id=\"18798\" class=\"elementor elementor-18798\">\n\t\t\t\t<div class=\"elementor-element elementor-element-d9fa4d6 e-flex e-con-boxed wpr-particle-no wpr-jarallax-no wpr-parallax-no wpr-sticky-section-no wpr-column-slider-no wpr-equal-height-no e-con e-parent\" data-id=\"d9fa4d6\" data-element_type=\"container\" data-e-type=\"container\">\n\t\t\t\t\t<div class=\"e-con-inner\">\n\t\t\t\t<div class=\"elementor-element elementor-element-63dad96 elementor-widget elementor-widget-text-editor\" data-id=\"63dad96\" data-element_type=\"widget\" data-e-type=\"widget\" data-widget_type=\"text-editor.default\">\n\t\t\t\t\t\t\t\t\t<p>Bu, se\u00e7ti\u011finiz i\u015f ilan\u0131d\u0131r. Tam bilgilere ula\u015fmak i\u00e7in t\u0131klay\u0131n:<\/p>\t\t\t\t\t\t\t\t<\/div>\n\t\t\t\t\t<\/div>\n\t\t\t\t<\/div>\n\t\t<div class=\"elementor-element elementor-element-50a2389 e-con-full e-flex wpr-particle-no wpr-jarallax-no wpr-parallax-no wpr-sticky-section-no wpr-column-slider-no wpr-equal-height-no e-con e-child\" data-id=\"50a2389\" data-element_type=\"container\" data-e-type=\"container\">\n\t\t<div class=\"elementor-element elementor-element-fec54a1 e-con-full e-flex wpr-particle-no wpr-jarallax-no wpr-parallax-no wpr-sticky-section-no wpr-column-slider-no wpr-equal-height-no e-con e-child\" data-id=\"fec54a1\" data-element_type=\"container\" data-e-type=\"container\">\n\t\t\t\t<div class=\"elementor-element elementor-element-01fc135 elementor-widget__width-initial elementor-widget elementor-widget-image\" data-id=\"01fc135\" data-element_type=\"widget\" data-e-type=\"widget\" data-widget_type=\"image.default\">\n\t\t\t\t\t\t\t\t\t\t\t\t\t\t\t\t<a href=\"https:\/\/jornal365.com.br\/tr\/is\/como-se-candidatar-as-vagas-na-nestle\/\">\n\t\t\t\t\t\t\t<img fetchpriority=\"high\" decoding=\"async\" width=\"310\" height=\"163\" src=\"https:\/\/jornal365.com.br\/wp-content\/uploads\/2026\/02\/images.jpg\" class=\"attachment-full size-full wp-image-18791\" alt=\"\" srcset=\"https:\/\/jornal365.com.br\/wp-content\/uploads\/2026\/02\/images.jpg 310w, https:\/\/jornal365.com.br\/wp-content\/uploads\/2026\/02\/images-300x158.jpg 300w, https:\/\/jornal365.com.br\/wp-content\/uploads\/2026\/02\/images-18x9.jpg 18w\" sizes=\"(max-width: 310px) 100vw, 310px\" \/>\t\t\t\t\t\t\t\t<\/a>\n\t\t\t\t\t\t\t\t\t\t\t\t\t\t\t<\/div>\n\t\t\t\t<div class=\"elementor-element elementor-element-6e10572 elementor-widget elementor-widget-text-editor\" data-id=\"6e10572\" data-element_type=\"widget\" data-e-type=\"widget\" data-widget_type=\"text-editor.default\">\n\t\t\t\t\t\t\t\t\t<h3 class=\"mvp-post-title left entry-title\">NESTL\u00c9&#x27;de \u0130\u015f \u0130lanlar\u0131<\/h3>\t\t\t\t\t\t\t\t<\/div>\n\t\t\t\t<div class=\"elementor-element elementor-element-5ee7da6 elementor-widget elementor-widget-text-editor\" data-id=\"5ee7da6\" data-element_type=\"widget\" data-e-type=\"widget\" data-widget_type=\"text-editor.default\">\n\t\t\t\t\t\t\t\t\t<p><em>Mevcut \u0130\u015f \u0130lanlar\u0131\u00a0<\/em><\/p>\t\t\t\t\t\t\t\t<\/div>\n\t\t\t\t<div class=\"elementor-element elementor-element-819c3d6 elementor-widget elementor-widget-button\" data-id=\"819c3d6\" data-element_type=\"widget\" data-e-type=\"widget\" data-widget_type=\"button.default\">\n\t\t\t\t\t\t\t\t\t\t<a class=\"elementor-button elementor-button-link elementor-size-sm\" href=\"https:\/\/jornal365.com.br\/tr\/is\/como-se-candidatar-as-vagas-na-nestle\/\">\n\t\t\t\t\t\t<span class=\"elementor-button-content-wrapper\">\n\t\t\t\t\t\t\t\t\t<span class=\"elementor-button-text\">\u0130\u015e \u0130LANINA \u015e\u0130MD\u0130 ULA\u015eIN<\/span>\n\t\t\t\t\t<\/span>\n\t\t\t\t\t<\/a>\n\t\t\t\t\t\t\t\t<\/div>\n\t\t\t\t<\/div>\n\t\t\t\t<\/div>\n\t\t<div class=\"elementor-element elementor-element-8c752ca e-flex e-con-boxed wpr-particle-no wpr-jarallax-no wpr-parallax-no wpr-sticky-section-no wpr-column-slider-no wpr-equal-height-no e-con e-parent\" data-id=\"8c752ca\" data-element_type=\"container\" data-e-type=\"container\">\n\t\t\t\t\t<div class=\"e-con-inner\">\n\t\t\t\t<div class=\"elementor-element elementor-element-95c49a3 elementor-widget elementor-widget-text-editor\" data-id=\"95c49a3\" data-element_type=\"widget\" data-e-type=\"widget\" data-widget_type=\"text-editor.default\">\n\t\t\t\t\t\t\t\t\t<h6 style=\"text-align: center;\" data-start=\"513\" data-end=\"591\">(Ba\u015fka bir sayfaya y\u00f6nlendirileceksiniz)<\/h6>\t\t\t\t\t\t\t\t<\/div>\n\t\t\t\t\t<\/div>\n\t\t\t\t<\/div>\n\t\t<div class=\"elementor-element elementor-element-ce949c2 e-flex e-con-boxed wpr-particle-no wpr-jarallax-no wpr-parallax-no wpr-sticky-section-no wpr-column-slider-no wpr-equal-height-no e-con e-parent\" data-id=\"ce949c2\" data-element_type=\"container\" data-e-type=\"container\">\n\t\t\t\t\t<div class=\"e-con-inner\">\n\t\t\t\t<div class=\"elementor-element elementor-element-096176c elementor-widget elementor-widget-text-editor\" data-id=\"096176c\" data-element_type=\"widget\" data-e-type=\"widget\" data-widget_type=\"text-editor.default\">\n\t\t\t\t\t\t\t\t\t<p>Nestl\u00e9, g\u0131da ve i\u00e7ecek sekt\u00f6r\u00fcnde d\u00fcnyan\u0131n en b\u00fcy\u00fck ve en sayg\u0131n \u015firketlerinden biridir. Bir as\u0131rdan fazla bir ge\u00e7mi\u015fe sahip olan ve Avrupa\u2019n\u0131n bir\u00e7ok \u00fclkesinde faaliyet g\u00f6steren \u015firket, itibar\u0131n\u0131 kalite, yenilik\u00e7ilik, s\u00fcrd\u00fcr\u00fclebilirlik ve olumlu sosyal etki \u00fczerine in\u015fa etmi\u015ftir.<\/p><p data-start=\"714\" data-end=\"954\">Nestl\u00e9\u2019de \u00e7al\u0131\u015fmak, istikrar\u0131, insani geli\u015fimi ve uzun vadeli mesleki geli\u015fimi \u00f6n plana \u00e7\u0131karan, yap\u0131land\u0131r\u0131lm\u0131\u015f, \u00e7e\u015fitlilik i\u00e7eren ve amaca odakl\u0131 bir ortamda f\u0131rsatlar sunan k\u00fcresel bir organizasyonun par\u00e7as\u0131 olmak anlam\u0131na gelir.<\/p><h2 data-start=\"1076\" data-end=\"1128\"><strong data-start=\"1079\" data-end=\"1128\">Nestl\u00e9: K\u00fcresel Varl\u0131k, Yenilik\u00e7ilik ve Ama\u00e7<\/strong><\/h2><p data-start=\"1130\" data-end=\"1335\">Nestl\u00e9, onlarca \u00fclkede faaliyet g\u00f6stermekte ve \u00fcretim, m\u00fchendislik, lojistik, ara\u015ft\u0131rma ve geli\u015ftirme, pazarlama, sat\u0131\u015f, teknoloji, finans ve insan kaynaklar\u0131 gibi alanlarda binlerce \u00e7al\u0131\u015fan\u0131 istihdam etmektedir.<\/p><p data-start=\"1337\" data-end=\"1458\">\u015eirketin en \u00f6nemli ay\u0131rt edici \u00f6zelliklerinden biri, \u015funa olan ba\u011fl\u0131l\u0131\u011f\u0131d\u0131r: <strong data-start=\"1398\" data-end=\"1422\">sorumlu inovasyon<\/strong>. Nestl\u00e9 \u015fu alanlara s\u00fcrekli yat\u0131r\u0131m yapmaktad\u0131r:<\/p><ul data-start=\"1460\" data-end=\"1693\"><li data-start=\"1460\" data-end=\"1508\"><p data-start=\"1462\" data-end=\"1508\">Yeni \u00fcr\u00fcnlerin ara\u015ft\u0131rma ve geli\u015ftirilmesi<\/p><\/li><li data-start=\"1509\" data-end=\"1540\"><p data-start=\"1511\" data-end=\"1540\">Beslenme, sa\u011fl\u0131k ve refah<\/p><\/li><li data-start=\"1541\" data-end=\"1594\"><p data-start=\"1543\" data-end=\"1594\">S\u00fcrd\u00fcr\u00fclebilirlik ve \u00e7evresel etkilerin azalt\u0131lmas\u0131<\/p><\/li><li data-start=\"1595\" data-end=\"1642\"><p data-start=\"1597\" data-end=\"1642\">G\u0131da end\u00fcstrisinde uygulanan teknoloji<\/p><\/li><li data-start=\"1643\" data-end=\"1693\"><p data-start=\"1645\" data-end=\"1693\">Dijital d\u00f6n\u00fc\u015f\u00fcm ve operasyonel verimlilik<\/p><\/li><\/ul><p data-start=\"1695\" data-end=\"1876\">Bunun yan\u0131 s\u0131ra, \u015firket etik uygulamalar, g\u0131da g\u00fcvenli\u011fi ve sosyal sorumluluk konular\u0131nda g\u00fc\u00e7l\u00fc bir taahh\u00fct sergilemektedir; bu da sa\u011flam ve g\u00fcvenilir bir i\u015fveren olarak imaj\u0131n\u0131 g\u00fc\u00e7lendirmektedir.<\/p>\t\t\t\t\t\t\t\t<\/div>\n\t\t\t\t\t<\/div>\n\t\t\t\t<\/div>\n\t\t<div class=\"elementor-element elementor-element-4e11697 e-flex e-con-boxed wpr-particle-no wpr-jarallax-no wpr-parallax-no wpr-sticky-section-no wpr-column-slider-no wpr-equal-height-no e-con e-parent\" data-id=\"4e11697\" data-element_type=\"container\" data-e-type=\"container\">\n\t\t\t\t\t<div class=\"e-con-inner\">\n\t\t\t\t<div class=\"elementor-element elementor-element-c2058cd elementor-align-center elementor-widget elementor-widget-button\" data-id=\"c2058cd\" data-element_type=\"widget\" data-e-type=\"widget\" data-widget_type=\"button.default\">\n\t\t\t\t\t\t\t\t\t\t<a class=\"elementor-button elementor-button-link elementor-size-sm\" href=\"https:\/\/jornal365.com.br\/tr\/is\/como-se-candidatar-as-vagas-na-nestle\/\">\n\t\t\t\t\t\t<span class=\"elementor-button-content-wrapper\">\n\t\t\t\t\t\t\t\t\t<span class=\"elementor-button-text\">\ud83d\udc49 NESTL\u00c9\u2019nin i\u015f ilanlar\u0131na nas\u0131l ba\u015fvuraca\u011f\u0131n\u0131z\u0131 \u00f6\u011frenin<\/span>\n\t\t\t\t\t<\/span>\n\t\t\t\t\t<\/a>\n\t\t\t\t\t\t\t\t<\/div>\n\t\t\t\t\t<\/div>\n\t\t\t\t<\/div>\n\t\t<div class=\"elementor-element elementor-element-c38d3da e-flex e-con-boxed wpr-particle-no wpr-jarallax-no wpr-parallax-no wpr-sticky-section-no wpr-column-slider-no wpr-equal-height-no e-con e-parent\" data-id=\"c38d3da\" data-element_type=\"container\" data-e-type=\"container\">\n\t\t\t\t\t<div class=\"e-con-inner\">\n\t\t\t\t<div class=\"elementor-element elementor-element-ada6c3a elementor-widget elementor-widget-text-editor\" data-id=\"ada6c3a\" data-element_type=\"widget\" data-e-type=\"widget\" data-widget_type=\"text-editor.default\">\n\t\t\t\t\t\t\t\t\t<h6 style=\"text-align: center;\" data-start=\"513\" data-end=\"591\">(Ba\u015fka bir sayfaya y\u00f6nlendirileceksiniz)<\/h6>\t\t\t\t\t\t\t\t<\/div>\n\t\t\t\t\t<\/div>\n\t\t\t\t<\/div>\n\t\t<div class=\"elementor-element elementor-element-92ca9cf e-flex e-con-boxed wpr-particle-no wpr-jarallax-no wpr-parallax-no wpr-sticky-section-no wpr-column-slider-no wpr-equal-height-no e-con e-parent\" data-id=\"92ca9cf\" data-element_type=\"container\" data-e-type=\"container\">\n\t\t\t\t\t<div class=\"e-con-inner\">\n\t\t\t\t<div class=\"elementor-element elementor-element-38ac989 elementor-widget elementor-widget-text-editor\" data-id=\"38ac989\" data-element_type=\"widget\" data-e-type=\"widget\" data-widget_type=\"text-editor.default\">\n\t\t\t\t\t\t\t\t\t<h2 data-start=\"1982\" data-end=\"2022\"><strong data-start=\"1985\" data-end=\"2022\">Nestl\u00e9&#x27;de \u00c7al\u0131\u015fman\u0131n Avantajlar\u0131<\/strong><\/h2>\n<h3 data-start=\"2024\" data-end=\"2057\"><strong data-start=\"2028\" data-end=\"2057\">Pozisyona G\u00f6re Ortalama Maa\u015flar<\/strong><\/h3>\n<p data-start=\"2059\" data-end=\"2216\">Nestl\u00e9, Avrupa piyasas\u0131na uygun \u00fccretler sunmaktad\u0131r; bu \u00fccretler \u00fclkeye, b\u00f6l\u00fcme ve deneyim d\u00fczeyine g\u00f6re de\u011fi\u015fiklik g\u00f6stermektedir. Tahmini ayl\u0131k ortalama \u00fccretlerden baz\u0131lar\u0131 \u015funlard\u0131r:<\/p>\n<ul data-start=\"2218\" data-end=\"2502\">\n<li data-start=\"2218\" data-end=\"2277\">\n<p data-start=\"2220\" data-end=\"2277\">\u00dcretim veya Proses M\u00fchendisi: 4.200 \u20ac \u2013 7.500 \u20ac<\/p>\n<\/li>\n<li data-start=\"2278\" data-end=\"2339\">\n<p data-start=\"2280\" data-end=\"2339\">Pazarlama veya Ticari Pazarlama Analisti: 3.800 \u20ac \u2013 6.800 \u20ac<\/p>\n<\/li>\n<li data-start=\"2340\" data-end=\"2393\">\n<p data-start=\"2342\" data-end=\"2393\">Kalite veya Ar-Ge Uzman\u0131: 4.500 \u20ac \u2013 8.000 \u20ac<\/p>\n<\/li>\n<li data-start=\"2394\" data-end=\"2455\">\n<p data-start=\"2396\" data-end=\"2455\">Lojistik ve Tedarik Zinciri Uzman\u0131: 3.600 \u20ac \u2013 6.200 \u20ac<\/p>\n<\/li>\n<li data-start=\"2456\" data-end=\"2502\">\n<p data-start=\"2458\" data-end=\"2502\">\u0130dari Asistan: 2.700 \u20ac \u2013 4.100 \u20ac<\/p>\n<\/li>\n<\/ul>\n<p data-start=\"2504\" data-end=\"2553\">Sabit maa\u015f\u0131n yan\u0131 s\u0131ra, \u015firket genellikle \u015funlar\u0131 sunar:<\/p>\n<ul data-start=\"2555\" data-end=\"2684\">\n<li data-start=\"2555\" data-end=\"2579\">\n<p data-start=\"2557\" data-end=\"2579\">Performansa ba\u011fl\u0131 ikramiye<\/p>\n<\/li>\n<li data-start=\"2580\" data-end=\"2623\">\n<p data-start=\"2582\" data-end=\"2623\">Te\u015fvik ve takdir programlar\u0131<\/p>\n<\/li>\n<li data-start=\"2624\" data-end=\"2684\">\n<p data-start=\"2626\" data-end=\"2684\">K\u00e2r pay\u0131 (\u00fclkeye ve g\u00f6reve ba\u011fl\u0131 olarak)<\/p>\n<\/li>\n<\/ul>\n<hr data-start=\"2686\" data-end=\"2689\" \/>\n<h2 data-start=\"2691\" data-end=\"2731\"><strong data-start=\"2694\" data-end=\"2731\">\u0130\u015f \u0130lan\u0131 T\u00fcrleri ve Faaliyet Alanlar\u0131<\/strong><\/h2>\n<p data-start=\"2733\" data-end=\"2794\">Nestl\u00e9, a\u015fa\u011f\u0131dakiler gibi \u00e7e\u015fitli alanlarda i\u015f f\u0131rsatlar\u0131 sunmaktad\u0131r:<\/p>\n<ul data-start=\"2796\" data-end=\"3047\">\n<li data-start=\"2796\" data-end=\"2821\">\n<p data-start=\"2798\" data-end=\"2821\">\u00dcretim ve imalat<\/p>\n<\/li>\n<li data-start=\"2822\" data-end=\"2858\">\n<p data-start=\"2824\" data-end=\"2858\">Ara\u015ft\u0131rma ve geli\u015ftirme (Ar-Ge)<\/p>\n<\/li>\n<li data-start=\"2859\" data-end=\"2894\">\n<p data-start=\"2861\" data-end=\"2894\">G\u0131da kalitesi ve g\u00fcvenli\u011fi<\/p>\n<\/li>\n<li data-start=\"2895\" data-end=\"2932\">\n<p data-start=\"2897\" data-end=\"2932\">Lojistik ve tedarik zinciri<\/p>\n<\/li>\n<li data-start=\"2933\" data-end=\"2972\">\n<p data-start=\"2935\" data-end=\"2972\">Pazarlama, sat\u0131\u015f ve ticaret pazarlamas\u0131<\/p>\n<\/li>\n<li data-start=\"2973\" data-end=\"3009\">\n<p data-start=\"2975\" data-end=\"3009\">Bilgi teknolojisi ve veriler<\/p>\n<\/li>\n<li data-start=\"3010\" data-end=\"3047\">\n<p data-start=\"3012\" data-end=\"3047\">Finans, \u0130K ve kurumsal birimler<\/p>\n<\/li>\n<\/ul>\n<h3 data-start=\"3049\" data-end=\"3075\"><strong data-start=\"3053\" data-end=\"3075\">\u00c7al\u0131\u015fma Modeli<\/strong><\/h3>\n<p data-start=\"3077\" data-end=\"3135\">G\u00f6revi ve birimine ba\u011fl\u0131 olarak, Nestl\u00e9 \u015funlar\u0131 sunabilir:<\/p>\n<ul data-start=\"3137\" data-end=\"3308\">\n<li data-start=\"3137\" data-end=\"3210\">\n<p data-start=\"3139\" data-end=\"3210\">Y\u00fcz y\u00fcze \u00e7al\u0131\u015fma (\u00f6zellikle fabrikalarda ve end\u00fcstriyel tesislerde)<\/p>\n<\/li>\n<li data-start=\"3211\" data-end=\"3254\">\n<p data-start=\"3213\" data-end=\"3254\">\u0130dari alanlarda hibrit model<\/p>\n<\/li>\n<li data-start=\"3255\" data-end=\"3308\">\n<p data-start=\"3257\" data-end=\"3308\">Belirli pozisyonlarda esnek \u00e7al\u0131\u015fma saatleri<\/p>\n<\/li>\n<\/ul>\n<p data-start=\"3310\" data-end=\"3382\">\u015eirket, verimlilik, g\u00fcvenlik ve ya\u015fam kalitesi aras\u0131nda bir denge kurmay\u0131 hedeflemektedir.<\/p>\t\t\t\t\t\t\t\t<\/div>\n\t\t\t\t\t<\/div>\n\t\t\t\t<\/div>\n\t\t<div class=\"elementor-element elementor-element-0dfad14 e-flex e-con-boxed wpr-particle-no wpr-jarallax-no wpr-parallax-no wpr-sticky-section-no wpr-column-slider-no wpr-equal-height-no e-con e-parent\" data-id=\"0dfad14\" data-element_type=\"container\" data-e-type=\"container\">\n\t\t\t\t\t<div class=\"e-con-inner\">\n\t\t\t\t<div class=\"elementor-element elementor-element-96fb33f elementor-align-center elementor-widget elementor-widget-button\" data-id=\"96fb33f\" data-element_type=\"widget\" data-e-type=\"widget\" data-widget_type=\"button.default\">\n\t\t\t\t\t\t\t\t\t\t<a class=\"elementor-button elementor-button-link elementor-size-sm\" href=\"https:\/\/jornal365.com.br\/tr\/is\/como-se-candidatar-as-vagas-na-nestle\/\">\n\t\t\t\t\t\t<span class=\"elementor-button-content-wrapper\">\n\t\t\t\t\t\t\t\t\t<span class=\"elementor-button-text\">\ud83d\udc49 NESTL\u00c9&#x27;de A\u00e7\u0131k Pozisyonlar<\/span>\n\t\t\t\t\t<\/span>\n\t\t\t\t\t<\/a>\n\t\t\t\t\t\t\t\t<\/div>\n\t\t\t\t\t<\/div>\n\t\t\t\t<\/div>\n\t\t<div class=\"elementor-element elementor-element-de2a262 e-flex e-con-boxed wpr-particle-no wpr-jarallax-no wpr-parallax-no wpr-sticky-section-no wpr-column-slider-no wpr-equal-height-no e-con e-parent\" data-id=\"de2a262\" data-element_type=\"container\" data-e-type=\"container\">\n\t\t\t\t\t<div class=\"e-con-inner\">\n\t\t\t\t<div class=\"elementor-element elementor-element-d68378d elementor-widget elementor-widget-text-editor\" data-id=\"d68378d\" data-element_type=\"widget\" data-e-type=\"widget\" data-widget_type=\"text-editor.default\">\n\t\t\t\t\t\t\t\t\t<h6 style=\"text-align: center;\" data-start=\"513\" data-end=\"591\">(Ba\u015fka bir sayfaya y\u00f6nlendirileceksiniz)<\/h6>\t\t\t\t\t\t\t\t<\/div>\n\t\t\t\t\t<\/div>\n\t\t\t\t<\/div>\n\t\t<div class=\"elementor-element elementor-element-446f8a1 e-flex e-con-boxed wpr-particle-no wpr-jarallax-no wpr-parallax-no wpr-sticky-section-no wpr-column-slider-no wpr-equal-height-no e-con e-parent\" data-id=\"446f8a1\" data-element_type=\"container\" data-e-type=\"container\">\n\t\t\t\t\t<div class=\"e-con-inner\">\n\t\t\t\t<div class=\"elementor-element elementor-element-5628a18 elementor-widget elementor-widget-text-editor\" data-id=\"5628a18\" data-element_type=\"widget\" data-e-type=\"widget\" data-widget_type=\"text-editor.default\">\n\t\t\t\t\t\t\t\t\t<h2 data-start=\"3473\" data-end=\"3522\"><strong data-start=\"3476\" data-end=\"3522\">Nestl\u00e9 Taraf\u0131ndan Sunulan Sosyal Haklar Paketi<\/strong><\/h2>\n<p data-start=\"3524\" data-end=\"3669\">Maa\u015flar\u0131n yan\u0131 s\u0131ra, Nestl\u00e9 \u00e7al\u0131\u015fanlar\u0131n\u0131n refah\u0131na ve geli\u015fimine b\u00fcy\u00fck yat\u0131r\u0131m yapmaktad\u0131r. Ba\u015fl\u0131ca sosyal haklar aras\u0131nda \u015funlar yer almaktad\u0131r:<\/p>\n<ul data-start=\"3671\" data-end=\"3976\">\n<li data-start=\"3671\" data-end=\"3704\">\n<p data-start=\"3673\" data-end=\"3704\">Sa\u011fl\u0131k ve di\u015f sigortas\u0131 plan\u0131<\/p>\n<\/li>\n<li data-start=\"3705\" data-end=\"3723\">\n<p data-start=\"3707\" data-end=\"3723\">Hayat sigortas\u0131<\/p>\n<\/li>\n<li data-start=\"3724\" data-end=\"3747\">\n<p data-start=\"3726\" data-end=\"3747\">\u00d6zel emeklilik<\/p>\n<\/li>\n<li data-start=\"3748\" data-end=\"3786\">\n<p data-start=\"3750\" data-end=\"3786\">Fiziksel ve ruhsal sa\u011fl\u0131k programlar\u0131<\/p>\n<\/li>\n<li data-start=\"3787\" data-end=\"3827\">\n<p data-start=\"3789\" data-end=\"3827\">Ebeveyn izni ve aileye destek<\/p>\n<\/li>\n<li data-start=\"3828\" data-end=\"3881\">\n<p data-start=\"3830\" data-end=\"3881\">S\u00fcrekli e\u011fitim ve mesleki geli\u015fim<\/p>\n<\/li>\n<li data-start=\"3882\" data-end=\"3932\">\n<p data-start=\"3884\" data-end=\"3932\">\u015eirket i\u00e7i hareketlilik ve geli\u015fim programlar\u0131<\/p>\n<\/li>\n<li data-start=\"3933\" data-end=\"3976\">\n<p data-start=\"3935\" data-end=\"3976\">\u00c7e\u015fitlilik ve kapsay\u0131c\u0131l\u0131\u011fa y\u00f6nelik faaliyetler<\/p>\n<\/li>\n<\/ul>\n<p data-start=\"3978\" data-end=\"4079\">Bu avantajlar, \u015firketin istikrar ve uzun vadeli kalk\u0131nmaya olan ba\u011fl\u0131l\u0131\u011f\u0131n\u0131 peki\u015ftiriyor.<\/p>\n<hr data-start=\"4081\" data-end=\"4084\" \/>\n<h2 data-start=\"4086\" data-end=\"4137\"><strong data-start=\"4089\" data-end=\"4137\">Kariyeriniz \u0130\u00e7in Neden Nestl\u00e9&#x27;yi Se\u00e7melisiniz?<\/strong><\/h2>\n<h3 data-start=\"4139\" data-end=\"4184\"><strong data-start=\"4143\" data-end=\"4184\">\u0130\u015f \u0130stikrar\u0131 ve G\u00fcvenli\u011fi<\/strong><\/h3>\n<p data-start=\"4186\" data-end=\"4365\">Nestl\u00e9, sa\u011flam ve uzun soluklu kariyer f\u0131rsatlar\u0131 sunmas\u0131yla tan\u0131nmaktad\u0131r. Bir\u00e7ok profesyonel, \u015firket i\u00e7inde kademeli ve sistemli bir geli\u015fim s\u00fcreciyle uzun soluklu kariyerler in\u015fa etmektedir.<\/p>\n<h3 data-start=\"4367\" data-end=\"4412\"><strong data-start=\"4371\" data-end=\"4412\">S\u00fcrekli Mesleki Geli\u015fim<\/strong><\/h3>\n<p data-start=\"4414\" data-end=\"4432\">\u015eirket \u015funlar\u0131 sunmaktad\u0131r:<\/p>\n<ul data-start=\"4434\" data-end=\"4627\">\n<li data-start=\"4434\" data-end=\"4471\">\n<p data-start=\"4436\" data-end=\"4471\">Net bir \u015fekilde belirlenmi\u015f kariyer yollar\u0131<\/p>\n<\/li>\n<li data-start=\"4472\" data-end=\"4525\">\n<p data-start=\"4474\" data-end=\"4525\">Teknik ve davran\u0131\u015fsal e\u011fitim programlar\u0131<\/p>\n<\/li>\n<li data-start=\"4526\" data-end=\"4571\">\n<p data-start=\"4528\" data-end=\"4571\">Mentorluk ve liderlik geli\u015fimi<\/p>\n<\/li>\n<li data-start=\"4572\" data-end=\"4627\">\n<p data-start=\"4574\" data-end=\"4627\">Yurti\u00e7i ve yurtd\u0131\u015f\u0131 g\u00f6revlendirme imk\u00e2n\u0131<\/p>\n<\/li>\n<\/ul>\n<h3 data-start=\"4629\" data-end=\"4670\"><strong data-start=\"4633\" data-end=\"4670\">Ama\u00e7, Etik ve Sosyal Etki<\/strong><\/h3>\n<p data-start=\"4672\" data-end=\"4853\">Nestl\u00e9\u2019de \u00e7al\u0131\u015fmak, ayn\u0131 zamanda beslenme, s\u00fcrd\u00fcr\u00fclebilirlik, sosyal sorumluluk ve \u015firketin faaliyet g\u00f6sterdi\u011fi topluluklar\u0131n kalk\u0131nmas\u0131yla ilgili giri\u015fimlere katk\u0131da bulunmak anlam\u0131na da gelir.<\/p>\t\t\t\t\t\t\t\t<\/div>\n\t\t\t\t<div class=\"elementor-element elementor-element-b750b33 elementor-align-center elementor-widget elementor-widget-button\" data-id=\"b750b33\" data-element_type=\"widget\" data-e-type=\"widget\" data-widget_type=\"button.default\">\n\t\t\t\t\t\t\t\t\t\t<a class=\"elementor-button elementor-button-link elementor-size-sm\" href=\"https:\/\/jornal365.com.br\/tr\/is\/como-se-candidatar-as-vagas-na-nestle\/\">\n\t\t\t\t\t\t<span class=\"elementor-button-content-wrapper\">\n\t\t\t\t\t\t\t\t\t<span class=\"elementor-button-text\">\ud83d\udc49 NESTL\u00c9 \u0130\u015f \u0130lanlar\u0131na G\u00f6z At\u0131n<\/span>\n\t\t\t\t\t<\/span>\n\t\t\t\t\t<\/a>\n\t\t\t\t\t\t\t\t<\/div>\n\t\t\t\t\t<\/div>\n\t\t\t\t<\/div>\n\t\t<div class=\"elementor-element elementor-element-9c0dbf0 e-flex e-con-boxed wpr-particle-no wpr-jarallax-no wpr-parallax-no wpr-sticky-section-no wpr-column-slider-no wpr-equal-height-no e-con e-parent\" data-id=\"9c0dbf0\" data-element_type=\"container\" data-e-type=\"container\">\n\t\t\t\t\t<div class=\"e-con-inner\">\n\t\t\t\t<div class=\"elementor-element elementor-element-f07ed45 elementor-widget elementor-widget-text-editor\" data-id=\"f07ed45\" data-element_type=\"widget\" data-e-type=\"widget\" data-widget_type=\"text-editor.default\">\n\t\t\t\t\t\t\t\t\t<h6 style=\"text-align: center;\" data-start=\"513\" data-end=\"591\">(Ba\u015fka bir sayfaya y\u00f6nlendirileceksiniz)<\/h6>\t\t\t\t\t\t\t\t<\/div>\n\t\t\t\t\t<\/div>\n\t\t\t\t<\/div>\n\t\t<div class=\"elementor-element elementor-element-45172ce e-flex e-con-boxed wpr-particle-no wpr-jarallax-no wpr-parallax-no wpr-sticky-section-no wpr-column-slider-no wpr-equal-height-no e-con e-parent\" data-id=\"45172ce\" data-element_type=\"container\" data-e-type=\"container\">\n\t\t\t\t\t<div class=\"e-con-inner\">\n\t\t\t\t<div class=\"elementor-element elementor-element-00be319 elementor-widget elementor-widget-text-editor\" data-id=\"00be319\" data-element_type=\"widget\" data-e-type=\"widget\" data-widget_type=\"text-editor.default\">\n\t\t\t\t\t\t\t\t\t<h2 data-start=\"4945\" data-end=\"4995\"><strong data-start=\"4948\" data-end=\"4995\">Sonu\u00e7: Nestl\u00e9\u2019de \u00c7al\u0131\u015fmaya De\u011fer mi?<\/strong><\/h2>\n<p data-start=\"4997\" data-end=\"5110\">Nestl\u00e9\u2019de bir kariyer in\u015fa etmek, a\u015fa\u011f\u0131dakileri bir araya getiren bir \u015firketin par\u00e7as\u0131 olmak demektir: <strong data-start=\"5071\" data-end=\"5109\">istikrar, yenilik\u00e7ilik ve ama\u00e7<\/strong>.<\/p>\n<p data-start=\"5112\" data-end=\"5126\">E\u011fer arad\u0131\u011f\u0131n\u0131z \u015fey:<\/p>\n<ul data-start=\"5128\" data-end=\"5277\">\n<li data-start=\"5128\" data-end=\"5154\">\n<p data-start=\"5130\" data-end=\"5154\">\u0130\u015f g\u00fcvenli\u011fi<\/p>\n<\/li>\n<li data-start=\"5155\" data-end=\"5182\">\n<p data-start=\"5157\" data-end=\"5182\">Yap\u0131sal b\u00fcy\u00fcme<\/p>\n<\/li>\n<li data-start=\"5183\" data-end=\"5205\">\n<p data-start=\"5185\" data-end=\"5205\">Somut faydalar<\/p>\n<\/li>\n<li data-start=\"5206\" data-end=\"5237\">\n<p data-start=\"5208\" data-end=\"5237\">Etik ve d\u00fczenli bir ortam<\/p>\n<\/li>\n<li data-start=\"5238\" data-end=\"5277\">\n<p data-start=\"5240\" data-end=\"5277\">K\u00fcresel bir \u015firketteki f\u0131rsatlar<\/p>\n<\/li>\n<\/ul>\n<p data-start=\"5279\" data-end=\"5351\">Nestl\u00e9, kariyerinizdeki bir sonraki b\u00fcy\u00fck ad\u0131m olabilir.<\/p>\t\t\t\t\t\t\t\t<\/div>\n\t\t\t\t\t<\/div>\n\t\t\t\t<\/div>\n\t\t\t\t<\/div>","protected":false},"excerpt":{"rendered":"<p>Esta \u00e9 a vaga que voc\u00ea selecionou. Clique para acessar as informa\u00e7\u00f5es completas: Vagas na NESTL\u00c9 Vagas Dispon\u00edveis\u00a0 ACESSAR VAGA AGORA (Voc\u00ea ser\u00e1 redirecionado para outra p\u00e1gina) A Nestl\u00e9 \u00e9 uma das maiores e mais respeitadas empresas do mundo no setor de alimentos e bebidas. Com mais de um s\u00e9culo de hist\u00f3ria e presen\u00e7a em diversos pa\u00edses da Europa, a companhia construiu sua reputa\u00e7\u00e3o com base em qualidade, inova\u00e7\u00e3o, sustentabilidade e impacto social positivo. Trabalhar na Nestl\u00e9 significa integrar uma organiza\u00e7\u00e3o global que valoriza estabilidade, desenvolvimento humano e crescimento profissional de longo prazo, oferecendo oportunidades em um ambiente estruturado, diverso e orientado a prop\u00f3sito. Nestl\u00e9: Presen\u00e7a Global, Inova\u00e7\u00e3o e Prop\u00f3sito A Nestl\u00e9 atua em dezenas de pa\u00edses e emprega milhares de profissionais em \u00e1reas como produ\u00e7\u00e3o, engenharia, log\u00edstica, pesquisa e desenvolvimento, marketing, vendas, tecnologia, finan\u00e7as e recursos humanos. Um dos grandes diferenciais da empresa \u00e9 seu compromisso com inova\u00e7\u00e3o respons\u00e1vel. A Nestl\u00e9 investe continuamente em: Pesquisa e desenvolvimento de novos produtos Nutri\u00e7\u00e3o, sa\u00fade e bem-estar Sustentabilidade e redu\u00e7\u00e3o de impactos ambientais Tecnologia aplicada \u00e0 ind\u00fastria aliment\u00edcia Transforma\u00e7\u00e3o digital e efici\u00eancia operacional Al\u00e9m disso, a empresa mant\u00e9m um forte compromisso com pr\u00e1ticas \u00e9ticas, seguran\u00e7a alimentar e responsabilidade social, o que fortalece sua imagem como empregadora s\u00f3lida e confi\u00e1vel. \ud83d\udc49 Veja como se inscrever nas vagas da NESTL\u00c9 (Voc\u00ea ser\u00e1 redirecionado para outra p\u00e1gina) Benef\u00edcios de Trabalhar na Nestl\u00e9 Sal\u00e1rios M\u00e9dios por Cargo A Nestl\u00e9 oferece remunera\u00e7\u00e3o compat\u00edvel com o mercado europeu, variando conforme pa\u00eds, \u00e1rea e n\u00edvel de experi\u00eancia. Algumas m\u00e9dias mensais estimadas incluem: Engenheiro(a) de Produ\u00e7\u00e3o ou Processos: \u20ac4.200 a \u20ac7.500 Analista de Marketing ou Trade Marketing: \u20ac3.800 a \u20ac6.800 Especialista em Qualidade ou P&amp;D: \u20ac4.500 a \u20ac8.000 Profissional de Log\u00edstica e Supply Chain: \u20ac3.600 a \u20ac6.200 Assistente Administrativo: \u20ac2.700 a \u20ac4.100 Al\u00e9m do sal\u00e1rio fixo, a empresa costuma oferecer: B\u00f4nus por desempenho Programas de incentivo e reconhecimento Participa\u00e7\u00e3o em resultados (dependendo do pa\u00eds e fun\u00e7\u00e3o) Tipos de Vagas e \u00c1reas de Atua\u00e7\u00e3o A Nestl\u00e9 disponibiliza oportunidades em diversas \u00e1reas, como: Produ\u00e7\u00e3o e manufatura Pesquisa e desenvolvimento (P&amp;D) Qualidade e seguran\u00e7a alimentar Log\u00edstica e cadeia de suprimentos Marketing, vendas e trade marketing Tecnologia da informa\u00e7\u00e3o e dados Finan\u00e7as, RH e \u00e1reas corporativas Modelo de Trabalho Dependendo da fun\u00e7\u00e3o e da unidade, a Nestl\u00e9 pode oferecer: Trabalho presencial (especialmente em f\u00e1bricas e plantas industriais) Modelo h\u00edbrido em \u00e1reas administrativas Flexibilidade de hor\u00e1rios em determinadas fun\u00e7\u00f5es A empresa busca equilibrar produtividade, seguran\u00e7a e qualidade de vida. \ud83d\udc49 Vagas Dispon\u00edveis na NESTL\u00c9 (Voc\u00ea ser\u00e1 redirecionado para outra p\u00e1gina) Pacote de Benef\u00edcios Oferecido pela Nestl\u00e9 Al\u00e9m da remunera\u00e7\u00e3o, a Nestl\u00e9 investe fortemente no bem-estar e no desenvolvimento dos seus colaboradores. Entre os principais benef\u00edcios, est\u00e3o: Plano de sa\u00fade e odontol\u00f3gico Seguro de vida Previd\u00eancia privada Programas de sa\u00fade f\u00edsica e mental Licen\u00e7as parentais e apoio \u00e0 fam\u00edlia Treinamentos cont\u00ednuos e capacita\u00e7\u00e3o profissional Programas internos de mobilidade e crescimento A\u00e7\u00f5es voltadas \u00e0 diversidade e inclus\u00e3o Esses benef\u00edcios refor\u00e7am o compromisso da empresa com estabilidade e desenvolvimento de longo prazo. Por Que Escolher a Nestl\u00e9 para Sua Carreira? Estabilidade e Seguran\u00e7a Profissional A Nestl\u00e9 \u00e9 reconhecida por oferecer carreiras s\u00f3lidas e duradouras. Muitos profissionais constroem trajet\u00f3rias longas dentro da empresa, com crescimento progressivo e estruturado. Desenvolvimento Profissional Cont\u00ednuo A empresa oferece: Trilhas de carreira bem definidas Programas de capacita\u00e7\u00e3o t\u00e9cnica e comportamental Mentorias e desenvolvimento de lideran\u00e7as Possibilidade de mobilidade interna e internacional Prop\u00f3sito, \u00c9tica e Impacto Social Trabalhar na Nestl\u00e9 tamb\u00e9m significa contribuir para iniciativas ligadas \u00e0 nutri\u00e7\u00e3o, sustentabilidade, responsabilidade social e desenvolvimento das comunidades onde a empresa atua. \ud83d\udc49 Acessar Vagas da NESTL\u00c9 (Voc\u00ea ser\u00e1 redirecionado para outra p\u00e1gina) Conclus\u00e3o: Vale a Pena Trabalhar na Nestl\u00e9? Construir uma carreira na Nestl\u00e9 \u00e9 fazer parte de uma empresa que combina estabilidade, inova\u00e7\u00e3o e prop\u00f3sito. Se voc\u00ea busca: Seguran\u00e7a profissional Crescimento estruturado Benef\u00edcios s\u00f3lidos Ambiente \u00e9tico e organizado Oportunidades em uma empresa global A Nestl\u00e9 pode ser o pr\u00f3ximo grande passo da sua trajet\u00f3ria profissional.<\/p>","protected":false},"author":1,"featured_media":18790,"comment_status":"open","ping_status":"open","sticky":false,"template":"","format":"standard","meta":{"googlesitekit_rrm_CAow2qXbCw:productID":"","neve_meta_sidebar":"","neve_meta_container":"","neve_meta_enable_content_width":"","neve_meta_content_width":0,"neve_meta_title_alignment":"","neve_meta_author_avatar":"","neve_post_elements_order":"","neve_meta_disable_header":"","neve_meta_disable_footer":"","neve_meta_disable_title":"","footnotes":""},"categories":[1],"tags":[],"post_folder":[],"class_list":["post-18798","post","type-post","status-publish","format-standard","has-post-thumbnail","hentry","category-emprego"],"_links":{"self":[{"href":"https:\/\/jornal365.com.br\/tr\/wp-json\/wp\/v2\/posts\/18798","targetHints":{"allow":["GET"]}}],"collection":[{"href":"https:\/\/jornal365.com.br\/tr\/wp-json\/wp\/v2\/posts"}],"about":[{"href":"https:\/\/jornal365.com.br\/tr\/wp-json\/wp\/v2\/types\/post"}],"author":[{"embeddable":true,"href":"https:\/\/jornal365.com.br\/tr\/wp-json\/wp\/v2\/users\/1"}],"replies":[{"embeddable":true,"href":"https:\/\/jornal365.com.br\/tr\/wp-json\/wp\/v2\/comments?post=18798"}],"version-history":[{"count":20,"href":"https:\/\/jornal365.com.br\/tr\/wp-json\/wp\/v2\/posts\/18798\/revisions"}],"predecessor-version":[{"id":21474,"href":"https:\/\/jornal365.com.br\/tr\/wp-json\/wp\/v2\/posts\/18798\/revisions\/21474"}],"wp:featuredmedia":[{"embeddable":true,"href":"https:\/\/jornal365.com.br\/tr\/wp-json\/wp\/v2\/media\/18790"}],"wp:attachment":[{"href":"https:\/\/jornal365.com.br\/tr\/wp-json\/wp\/v2\/media?parent=18798"}],"wp:term":[{"taxonomy":"category","embeddable":true,"href":"https:\/\/jornal365.com.br\/tr\/wp-json\/wp\/v2\/categories?post=18798"},{"taxonomy":"post_tag","embeddable":true,"href":"https:\/\/jornal365.com.br\/tr\/wp-json\/wp\/v2\/tags?post=18798"},{"taxonomy":"post_folder","embeddable":true,"href":"https:\/\/jornal365.com.br\/tr\/wp-json\/wp\/v2\/post_folder?post=18798"}],"curies":[{"name":"wp","href":"https:\/\/api.w.org\/{rel}","templated":true}]}}