{"id":18995,"date":"2026-02-26T12:12:53","date_gmt":"2026-02-26T12:12:53","guid":{"rendered":"https:\/\/lawngreen-hummingbird-425863.hostingersite.com\/?p=18995"},"modified":"2026-08-20T14:55:30","modified_gmt":"2026-08-20T14:55:30","slug":"neden-aldide-calismali","status":"publish","type":"post","link":"https:\/\/jornal365.com.br\/tr\/emprego\/por-que-trabalhar-no-aldi\/","title":{"rendered":"Neden Aldi&#x27;de \u00c7al\u0131\u015fmal\u0131? Kariyer Plan\u0131, Sosyal Haklar ve Geli\u015fim"},"content":{"rendered":"<div data-elementor-type=\"wp-post\" data-elementor-id=\"18995\" class=\"elementor elementor-18995\">\n\t\t\t\t<div class=\"elementor-element elementor-element-d9fa4d6 e-flex e-con-boxed wpr-particle-no wpr-jarallax-no wpr-parallax-no wpr-sticky-section-no wpr-column-slider-no wpr-equal-height-no e-con e-parent\" data-id=\"d9fa4d6\" data-element_type=\"container\" data-e-type=\"container\">\n\t\t\t\t\t<div class=\"e-con-inner\">\n\t\t\t\t<div class=\"elementor-element elementor-element-9ba1e90 elementor-widget elementor-widget-text-editor\" data-id=\"9ba1e90\" data-element_type=\"widget\" data-e-type=\"widget\" data-widget_type=\"text-editor.default\">\n\t\t\t\t\t\t\t\t\t<p>Bu, se\u00e7ti\u011finiz i\u015f ilan\u0131d\u0131r. Tam bilgilere ula\u015fmak i\u00e7in t\u0131klay\u0131n:<\/p>\t\t\t\t\t\t\t\t<\/div>\n\t\t\t\t\t<\/div>\n\t\t\t\t<\/div>\n\t\t<div class=\"elementor-element elementor-element-50a2389 e-con-full e-flex wpr-particle-no wpr-jarallax-no wpr-parallax-no wpr-sticky-section-no wpr-column-slider-no wpr-equal-height-no e-con e-child\" data-id=\"50a2389\" data-element_type=\"container\" data-e-type=\"container\">\n\t\t<div class=\"elementor-element elementor-element-fec54a1 e-con-full e-flex wpr-particle-no wpr-jarallax-no wpr-parallax-no wpr-sticky-section-no wpr-column-slider-no wpr-equal-height-no e-con e-child\" data-id=\"fec54a1\" data-element_type=\"container\" data-e-type=\"container\">\n\t\t\t\t<div class=\"elementor-element elementor-element-01fc135 elementor-widget__width-initial elementor-widget elementor-widget-image\" data-id=\"01fc135\" data-element_type=\"widget\" data-e-type=\"widget\" data-widget_type=\"image.default\">\n\t\t\t\t\t\t\t\t\t\t\t\t\t\t\t\t<a href=\"https:\/\/lawngreen-hummingbird-425863.hostingersite.com\/emprego\/como-se-candidatar-as-vagas-do-aldi\/\" target=\"_blank\" rel=\"noopener\">\n\t\t\t\t\t\t\t<img fetchpriority=\"high\" decoding=\"async\" width=\"284\" height=\"177\" src=\"https:\/\/jornal365.com.br\/wp-content\/uploads\/2026\/02\/images-8.jpg\" class=\"attachment-full size-full wp-image-18988\" alt=\"\" srcset=\"https:\/\/jornal365.com.br\/wp-content\/uploads\/2026\/02\/images-8.jpg 284w, https:\/\/jornal365.com.br\/wp-content\/uploads\/2026\/02\/images-8-18x12.jpg 18w\" sizes=\"(max-width: 284px) 100vw, 284px\" \/>\t\t\t\t\t\t\t\t<\/a>\n\t\t\t\t\t\t\t\t\t\t\t\t\t\t\t<\/div>\n\t\t\t\t<div class=\"elementor-element elementor-element-6e10572 elementor-widget elementor-widget-text-editor\" data-id=\"6e10572\" data-element_type=\"widget\" data-e-type=\"widget\" data-widget_type=\"text-editor.default\">\n\t\t\t\t\t\t\t\t\t<h3 class=\"mvp-post-title left entry-title\">ALDI&#x27;de \u0130\u015f \u0130lanlar\u0131<\/h3>\t\t\t\t\t\t\t\t<\/div>\n\t\t\t\t<div class=\"elementor-element elementor-element-5ee7da6 elementor-widget elementor-widget-text-editor\" data-id=\"5ee7da6\" data-element_type=\"widget\" data-e-type=\"widget\" data-widget_type=\"text-editor.default\">\n\t\t\t\t\t\t\t\t\t<p><em>Mevcut \u0130\u015f \u0130lanlar\u0131\u00a0<\/em><\/p>\t\t\t\t\t\t\t\t<\/div>\n\t\t\t\t<div class=\"elementor-element elementor-element-819c3d6 elementor-widget elementor-widget-button\" data-id=\"819c3d6\" data-element_type=\"widget\" data-e-type=\"widget\" data-widget_type=\"button.default\">\n\t\t\t\t\t\t\t\t\t\t<a class=\"elementor-button elementor-button-link elementor-size-sm\" href=\"https:\/\/lawngreen-hummingbird-425863.hostingersite.com\/emprego\/como-se-candidatar-as-vagas-do-aldi\/\" target=\"_blank\" rel=\"noopener\">\n\t\t\t\t\t\t<span class=\"elementor-button-content-wrapper\">\n\t\t\t\t\t\t\t\t\t<span class=\"elementor-button-text\">\u0130\u015e \u0130LANINA \u015e\u0130MD\u0130 ULA\u015eIN<\/span>\n\t\t\t\t\t<\/span>\n\t\t\t\t\t<\/a>\n\t\t\t\t\t\t\t\t<\/div>\n\t\t\t\t<\/div>\n\t\t\t\t<\/div>\n\t\t<div class=\"elementor-element elementor-element-8c752ca e-flex e-con-boxed wpr-particle-no wpr-jarallax-no wpr-parallax-no wpr-sticky-section-no wpr-column-slider-no wpr-equal-height-no e-con e-parent\" data-id=\"8c752ca\" data-element_type=\"container\" data-e-type=\"container\">\n\t\t\t\t\t<div class=\"e-con-inner\">\n\t\t\t\t<div class=\"elementor-element elementor-element-95c49a3 elementor-widget elementor-widget-text-editor\" data-id=\"95c49a3\" data-element_type=\"widget\" data-e-type=\"widget\" data-widget_type=\"text-editor.default\">\n\t\t\t\t\t\t\t\t\t<h6 style=\"text-align: center;\" data-start=\"513\" data-end=\"591\">(Ba\u015fka bir sayfaya y\u00f6nlendirileceksiniz)<\/h6>\t\t\t\t\t\t\t\t<\/div>\n\t\t\t\t<div class=\"elementor-element elementor-element-63dad96 elementor-widget elementor-widget-text-editor\" data-id=\"63dad96\" data-element_type=\"widget\" data-e-type=\"widget\" data-widget_type=\"text-editor.default\">\n\t\t\t\t\t\t\t\t\t<p>Aldi&#x27;de \u00e7al\u0131\u015fmak, Avrupa perakende sekt\u00f6r\u00fcnde istikrar, sistemli kariyer geli\u015fimi ve iyi \u00e7al\u0131\u015fma ko\u015fullar\u0131 arayan ki\u015filer taraf\u0131ndan giderek daha fazla tercih edilen bir se\u00e7enek haline gelmektedir. Verimli i\u015f modeli ve performansa odakl\u0131 yakla\u015f\u0131m\u0131yla tan\u0131nan \u015firket, kariyerinin ba\u015flang\u0131c\u0131nda olanlar i\u00e7in bile net bir mesleki geli\u015fim f\u0131rsat\u0131 sunmaktad\u0131r.<\/p>\t\t\t\t\t\t\t\t<\/div>\n\t\t\t\t\t<\/div>\n\t\t\t\t<\/div>\n\t\t<div class=\"elementor-element elementor-element-ce949c2 e-flex e-con-boxed wpr-particle-no wpr-jarallax-no wpr-parallax-no wpr-sticky-section-no wpr-column-slider-no wpr-equal-height-no e-con e-parent\" data-id=\"ce949c2\" data-element_type=\"container\" data-e-type=\"container\">\n\t\t\t\t\t<div class=\"e-con-inner\">\n\t\t\t\t<div class=\"elementor-element elementor-element-096176c elementor-widget elementor-widget-text-editor\" data-id=\"096176c\" data-element_type=\"widget\" data-e-type=\"widget\" data-widget_type=\"text-editor.default\">\n\t\t\t\t\t\t\t\t\t<p data-start=\"747\" data-end=\"907\">Avrupa\u2019n\u0131n \u00e7e\u015fitli \u00fclkelerinde g\u00fc\u00e7l\u00fc bir varl\u0131\u011fa sahip olan Aldi, rekabet\u00e7i maa\u015flar, net bir kariyer plan\u0131 ve disiplin, liyakat ve verimlili\u011fe dayal\u0131 bir kurum k\u00fclt\u00fcr\u00fcyle \u00f6ne \u00e7\u0131kmaktad\u0131r.<\/p><h2 data-start=\"908\" data-end=\"960\">Aldi\u2019nin K\u00fclt\u00fcr: Verimlilik, D\u00fczen ve Liyakat<\/h2><p data-start=\"962\" data-end=\"1139\">Aldi\u2019nin kurumsal k\u00fclt\u00fcr\u00fc \u015fu \u00f6zellikleriyle tan\u0131n\u0131r: <strong data-start=\"1000\" data-end=\"1037\">ama\u00e7 odakl\u0131 ve sonu\u00e7 odakl\u0131<\/strong>. \u015eirket, d\u00fczenli, i\u015fine ba\u011fl\u0131 ve net hedefler do\u011frultusunda \u00e7al\u0131\u015fabilen profesyonellere de\u011fer vermektedir.<\/p><p data-start=\"1141\" data-end=\"1194\">Aldi k\u00fclt\u00fcr\u00fcn\u00fcn temel unsurlar\u0131 aras\u0131nda \u015funlar yer almaktad\u0131r:<\/p><p data-start=\"1196\" data-end=\"1362\">Net bir \u015fekilde tan\u0131mlanm\u0131\u015f s\u00fcre\u00e7ler<br data-start=\"1219\" data-end=\"1222\" \/>Profesyonel ve d\u00fczenli bir \u00e7al\u0131\u015fma ortam\u0131<br data-start=\"1257\" data-end=\"1260\" \/>Bireysel performans\u0131n de\u011ferlendirilmesi<br data-start=\"1296\" data-end=\"1299\" \/>Sorumluluk ve \u00f6zerklik<br data-start=\"1327\" data-end=\"1330\" \/>Operasyonel verimlili\u011fe odaklanma<\/p><p data-start=\"1364\" data-end=\"1493\">\u00c7al\u0131\u015fma modeli zorlu olmakla birlikte \u015feffaft\u0131r; bu da kariyerlerinde ger\u00e7ek bir geli\u015fim ve \u00f6ng\u00f6r\u00fclebilirlik arayan ki\u015fileri cezbeder.<\/p>\t\t\t\t\t\t\t\t<\/div>\n\t\t\t\t\t<\/div>\n\t\t\t\t<\/div>\n\t\t<div class=\"elementor-element elementor-element-4e11697 e-flex e-con-boxed wpr-particle-no wpr-jarallax-no wpr-parallax-no wpr-sticky-section-no wpr-column-slider-no wpr-equal-height-no e-con e-parent\" data-id=\"4e11697\" data-element_type=\"container\" data-e-type=\"container\">\n\t\t\t\t\t<div class=\"e-con-inner\">\n\t\t\t\t<div class=\"elementor-element elementor-element-c2058cd elementor-align-center elementor-widget elementor-widget-button\" data-id=\"c2058cd\" data-element_type=\"widget\" data-e-type=\"widget\" data-widget_type=\"button.default\">\n\t\t\t\t\t\t\t\t\t\t<a class=\"elementor-button elementor-button-link elementor-size-sm\" href=\"https:\/\/lawngreen-hummingbird-425863.hostingersite.com\/emprego\/como-se-candidatar-as-vagas-do-aldi\/\" target=\"_blank\" rel=\"noopener\">\n\t\t\t\t\t\t<span class=\"elementor-button-content-wrapper\">\n\t\t\t\t\t\t\t\t\t<span class=\"elementor-button-text\">\ud83d\udc49 Hemen ALDI&#x27;ye Kaydolun<\/span>\n\t\t\t\t\t<\/span>\n\t\t\t\t\t<\/a>\n\t\t\t\t\t\t\t\t<\/div>\n\t\t\t\t\t<\/div>\n\t\t\t\t<\/div>\n\t\t<div class=\"elementor-element elementor-element-c38d3da e-flex e-con-boxed wpr-particle-no wpr-jarallax-no wpr-parallax-no wpr-sticky-section-no wpr-column-slider-no wpr-equal-height-no e-con e-parent\" data-id=\"c38d3da\" data-element_type=\"container\" data-e-type=\"container\">\n\t\t\t\t\t<div class=\"e-con-inner\">\n\t\t\t\t<div class=\"elementor-element elementor-element-ada6c3a elementor-widget elementor-widget-text-editor\" data-id=\"ada6c3a\" data-element_type=\"widget\" data-e-type=\"widget\" data-widget_type=\"text-editor.default\">\n\t\t\t\t\t\t\t\t\t<h6 style=\"text-align: center;\" data-start=\"513\" data-end=\"591\">(Ba\u015fka bir sayfaya y\u00f6nlendirileceksiniz)<\/h6>\t\t\t\t\t\t\t\t<\/div>\n\t\t\t\t<div class=\"elementor-element elementor-element-38ac989 elementor-widget elementor-widget-text-editor\" data-id=\"38ac989\" data-element_type=\"widget\" data-e-type=\"widget\" data-widget_type=\"text-editor.default\">\n\t\t\t\t\t\t\t\t\t<h2 data-start=\"1519\" data-end=\"1573\">Kariyer Plan\u0131: Net Bir \u015eekilde Belirlenmi\u015f \u0130\u00e7 Y\u00fckselme<\/h2><p data-start=\"1575\" data-end=\"1745\">Aldi&#x27;de \u00e7al\u0131\u015fman\u0131n en b\u00fcy\u00fck avantajlar\u0131ndan biri de <strong data-start=\"1628\" data-end=\"1661\">yap\u0131land\u0131r\u0131lm\u0131\u015f kariyer plan\u0131<\/strong>. \u015eirket, kurum i\u00e7i terfiye ve yeteneklerin geli\u015ftirilmesine b\u00fcy\u00fck yat\u0131r\u0131m yapmaktad\u0131r.<\/p><p data-start=\"1747\" data-end=\"1853\">Profesyonellerin genellikle operasyonel pozisyonlarda i\u015fe ba\u015flamalar\u0131 ve iyi bir performans sergilediklerinde a\u015fa\u011f\u0131daki gibi g\u00f6revlere terfi etmeleri yayg\u0131n bir durumdur:<\/p><p data-start=\"1855\" data-end=\"1958\">Ma\u011faza m\u00fcd\u00fcr\u00fc<br data-start=\"1873\" data-end=\"1876\" \/>\u015eube m\u00fcd\u00fcr\u00fc<br data-start=\"1893\" data-end=\"1896\" \/>B\u00f6lge koordinat\u00f6r\u00fc<br data-start=\"1916\" data-end=\"1919\" \/>\u0130dari ve stratejik pozisyonlar<\/p><p data-start=\"1960\" data-end=\"2100\">Terfi genellikle performansa, adanm\u0131\u015fl\u0131\u011fa ve liderlik becerilerine dayal\u0131d\u0131r; bu da s\u00fcreci daha adil ve \u00f6ng\u00f6r\u00fclebilir hale getirir.<\/p><hr data-start=\"2102\" data-end=\"2105\" \/><h2 data-start=\"2107\" data-end=\"2141\">Aldi\u2019nin Sundu\u011fu Avantajlar<\/h2><p data-start=\"2143\" data-end=\"2256\">Aldi, Avrupa perakende sekt\u00f6r\u00fcnde rekabet\u00e7i bir sosyal haklar paketi sunmaktad\u0131r; bu paket, \u00fclkeye ve g\u00f6reve g\u00f6re de\u011fi\u015fiklik g\u00f6stermektedir.<\/p><p data-start=\"2258\" data-end=\"2302\">Ba\u015fl\u0131ca faydalar aras\u0131nda \u015funlar \u00f6ne \u00e7\u0131kmaktad\u0131r:<\/p><p data-start=\"2304\" data-end=\"2498\">Sekt\u00f6r ortalamas\u0131n\u0131n \u00fczerinde maa\u015flar<br data-start=\"2336\" data-end=\"2339\" \/>Kal\u0131c\u0131 s\u00f6zle\u015fmeler<br data-start=\"2357\" data-end=\"2360\" \/>\u0130\u00e7 b\u00fcy\u00fcme plan\u0131<br data-start=\"2388\" data-end=\"2391\" \/>S\u00fcrekli e\u011fitimler<br data-start=\"2413\" data-end=\"2416\" \/>Yerel mevzuata uygun sosyal haklar<br data-start=\"2462\" data-end=\"2465\" \/>D\u00fczenli \u00e7al\u0131\u015fma ortam\u0131<\/p><p data-start=\"2500\" data-end=\"2624\">Bir\u00e7ok profesyonel i\u00e7in, \u015funlar aras\u0131ndaki denge <strong data-start=\"2546\" data-end=\"2600\">mali istikrar ve mesleki geli\u015fim<\/strong> en \u00f6nemli cazibe merkezidir.<\/p>\t\t\t\t\t\t\t\t<\/div>\n\t\t\t\t\t<\/div>\n\t\t\t\t<\/div>\n\t\t<div class=\"elementor-element elementor-element-0dfad14 e-flex e-con-boxed wpr-particle-no wpr-jarallax-no wpr-parallax-no wpr-sticky-section-no wpr-column-slider-no wpr-equal-height-no e-con e-parent\" data-id=\"0dfad14\" data-element_type=\"container\" data-e-type=\"container\">\n\t\t\t\t\t<div class=\"e-con-inner\">\n\t\t\t\t<div class=\"elementor-element elementor-element-96fb33f elementor-align-center elementor-widget elementor-widget-button\" data-id=\"96fb33f\" data-element_type=\"widget\" data-e-type=\"widget\" data-widget_type=\"button.default\">\n\t\t\t\t\t\t\t\t\t\t<a class=\"elementor-button elementor-button-link elementor-size-sm\" href=\"https:\/\/lawngreen-hummingbird-425863.hostingersite.com\/emprego\/como-se-candidatar-as-vagas-do-aldi\/\" target=\"_blank\" rel=\"noopener\">\n\t\t\t\t\t\t<span class=\"elementor-button-content-wrapper\">\n\t\t\t\t\t\t\t\t\t<span class=\"elementor-button-text\">\ud83d\udc49 ALDI&#x27;de A\u00e7\u0131k Pozisyonlar<\/span>\n\t\t\t\t\t<\/span>\n\t\t\t\t\t<\/a>\n\t\t\t\t\t\t\t\t<\/div>\n\t\t\t\t\t<\/div>\n\t\t\t\t<\/div>\n\t\t<div class=\"elementor-element elementor-element-de2a262 e-flex e-con-boxed wpr-particle-no wpr-jarallax-no wpr-parallax-no wpr-sticky-section-no wpr-column-slider-no wpr-equal-height-no e-con e-parent\" data-id=\"de2a262\" data-element_type=\"container\" data-e-type=\"container\">\n\t\t\t\t\t<div class=\"e-con-inner\">\n\t\t\t\t<div class=\"elementor-element elementor-element-d68378d elementor-widget elementor-widget-text-editor\" data-id=\"d68378d\" data-element_type=\"widget\" data-e-type=\"widget\" data-widget_type=\"text-editor.default\">\n\t\t\t\t\t\t\t\t\t<h6 style=\"text-align: center;\" data-start=\"513\" data-end=\"591\">(Ba\u015fka bir sayfaya y\u00f6nlendirileceksiniz)<\/h6>\t\t\t\t\t\t\t\t<\/div>\n\t\t\t\t\t<\/div>\n\t\t\t\t<\/div>\n\t\t<div class=\"elementor-element elementor-element-446f8a1 e-flex e-con-boxed wpr-particle-no wpr-jarallax-no wpr-parallax-no wpr-sticky-section-no wpr-column-slider-no wpr-equal-height-no e-con e-parent\" data-id=\"446f8a1\" data-element_type=\"container\" data-e-type=\"container\">\n\t\t\t\t\t<div class=\"e-con-inner\">\n\t\t\t\t<div class=\"elementor-element elementor-element-5628a18 elementor-widget elementor-widget-text-editor\" data-id=\"5628a18\" data-element_type=\"widget\" data-e-type=\"widget\" data-widget_type=\"text-editor.default\">\n\t\t\t\t\t\t\t\t\t<h2 data-start=\"2650\" data-end=\"2703\">Farkl\u0131 Mesleki Profillere Y\u00f6nelik F\u0131rsatlar<\/h2><p data-start=\"2705\" data-end=\"2773\">Aldi, a\u015fa\u011f\u0131dakiler dahil olmak \u00fczere \u00e7e\u015fitli deneyim seviyelerine y\u00f6nelik i\u015f ilanlar\u0131 sunmaktad\u0131r:<\/p><p data-start=\"2775\" data-end=\"2919\">\u0130lk i\u015f<br data-start=\"2791\" data-end=\"2794\" \/>Perakende sekt\u00f6r\u00fcnde deneyimli profesyoneller<br data-start=\"2833\" data-end=\"2836\" \/>Liderlik pozisyonlar\u0131<br data-start=\"2855\" data-end=\"2858\" \/>\u0130dari birimler<br data-start=\"2879\" data-end=\"2882\" \/>Lojistik ve da\u011f\u0131t\u0131m merkezleri<\/p><p data-start=\"2921\" data-end=\"3062\">\u015eirket ayr\u0131ca, \u00f6zellikle operasyonel ve y\u00f6netim pozisyonlar\u0131 i\u00e7in \u00e7e\u015fitli Avrupa \u00fclkelerinden yabanc\u0131 uzmanlar\u0131 i\u015fe almaktad\u0131r.<\/p><hr data-start=\"3064\" data-end=\"3067\" \/><h2 data-start=\"3069\" data-end=\"3124\">Aldi, Avrupa&#x27;da Neden Bu Kadar \u00c7ok Profesyoneli Kendine \u00c7ekiyor?<\/h2><p data-start=\"3126\" data-end=\"3207\">Aldi, a\u015fa\u011f\u0131dakileri sunmas\u0131yla sekt\u00f6rde en \u00e7ok tercih edilen \u015firketlerden biri olarak yerini sa\u011flamla\u015ft\u0131rd\u0131:<\/p><p data-start=\"3209\" data-end=\"3348\">Uzun vadeli istikrar<br data-start=\"3235\" data-end=\"3238\" \/>Yap\u0131sal b\u00fcy\u00fcme<br data-start=\"3261\" data-end=\"3264\" \/>Ba\u015far\u0131 \u00f6d\u00fcl\u00fc<br data-start=\"3293\" data-end=\"3296\" \/>Rekabet\u00e7i maa\u015flar<br data-start=\"3317\" data-end=\"3320\" \/>A\u00e7\u0131k ve d\u00fczenli bir k\u00fclt\u00fcr<\/p><p data-start=\"3350\" data-end=\"3447\">Avrupa perakende sekt\u00f6r\u00fcnde sa\u011flam bir kariyer arayanlar i\u00e7in Aldi, stratejik bir tercih olu\u015fturmaktad\u0131r.<\/p>\t\t\t\t\t\t\t\t<\/div>\n\t\t\t\t<div class=\"elementor-element elementor-element-b750b33 elementor-align-center elementor-widget elementor-widget-button\" data-id=\"b750b33\" data-element_type=\"widget\" data-e-type=\"widget\" data-widget_type=\"button.default\">\n\t\t\t\t\t\t\t\t\t\t<a class=\"elementor-button elementor-button-link elementor-size-sm\" href=\"https:\/\/lawngreen-hummingbird-425863.hostingersite.com\/emprego\/como-se-candidatar-as-vagas-do-aldi\/\" target=\"_blank\" rel=\"noopener\">\n\t\t\t\t\t\t<span class=\"elementor-button-content-wrapper\">\n\t\t\t\t\t\t\t\t\t<span class=\"elementor-button-text\">\ud83d\udc49 ALDI&#x27;nin \u0130\u015f \u0130lanlar\u0131na G\u00f6z At\u0131n<\/span>\n\t\t\t\t\t<\/span>\n\t\t\t\t\t<\/a>\n\t\t\t\t\t\t\t\t<\/div>\n\t\t\t\t\t<\/div>\n\t\t\t\t<\/div>\n\t\t<div class=\"elementor-element elementor-element-9c0dbf0 e-flex e-con-boxed wpr-particle-no wpr-jarallax-no wpr-parallax-no wpr-sticky-section-no wpr-column-slider-no wpr-equal-height-no e-con e-parent\" data-id=\"9c0dbf0\" data-element_type=\"container\" data-e-type=\"container\">\n\t\t\t\t\t<div class=\"e-con-inner\">\n\t\t\t\t<div class=\"elementor-element elementor-element-f07ed45 elementor-widget elementor-widget-text-editor\" data-id=\"f07ed45\" data-element_type=\"widget\" data-e-type=\"widget\" data-widget_type=\"text-editor.default\">\n\t\t\t\t\t\t\t\t\t<h6 style=\"text-align: center;\" data-start=\"513\" data-end=\"591\">(Ba\u015fka bir sayfaya y\u00f6nlendirileceksiniz)<\/h6>\t\t\t\t\t\t\t\t<\/div>\n\t\t\t\t\t<\/div>\n\t\t\t\t<\/div>\n\t\t<div class=\"elementor-element elementor-element-45172ce e-flex e-con-boxed wpr-particle-no wpr-jarallax-no wpr-parallax-no wpr-sticky-section-no wpr-column-slider-no wpr-equal-height-no e-con e-parent\" data-id=\"45172ce\" data-element_type=\"container\" data-e-type=\"container\">\n\t\t\t\t\t<div class=\"e-con-inner\">\n\t\t\t\t<div class=\"elementor-element elementor-element-00be319 elementor-widget elementor-widget-text-editor\" data-id=\"00be319\" data-element_type=\"widget\" data-e-type=\"widget\" data-widget_type=\"text-editor.default\">\n\t\t\t\t\t\t\t\t\t<h2 data-start=\"3454\" data-end=\"3498\">Sonu\u00e7: Aldi\u2019de \u00e7al\u0131\u015fmak de\u011fer mi?<\/h2><p data-start=\"3500\" data-end=\"3688\">E\u011fer a\u015fa\u011f\u0131dakileri sunan bir \u015firket ar\u0131yorsan\u0131z <strong data-start=\"3540\" data-end=\"3623\">ger\u00e7ek bir kariyer plan\u0131, tutarl\u0131 sosyal haklar ve liyakate dayal\u0131 geli\u015fim<\/strong>, Aldi, kariyerinizin bir sonraki ad\u0131m\u0131 olabilir.<\/p>\t\t\t\t\t\t\t\t<\/div>\n\t\t\t\t\t<\/div>\n\t\t\t\t<\/div>\n\t\t\t\t<\/div>","protected":false},"excerpt":{"rendered":"<p>Esta \u00e9 a vaga que voc\u00ea selecionou. Clique para acessar as informa\u00e7\u00f5es completas: Vagas na ALDI Vagas Dispon\u00edveis\u00a0 ACESSAR VAGA AGORA (Voc\u00ea ser\u00e1 redirecionado para outra p\u00e1gina) Trabalhar no Aldi \u00e9 uma op\u00e7\u00e3o cada vez mais considerada por quem busca estabilidade, crescimento estruturado e boas condi\u00e7\u00f5es de trabalho no varejo europeu. Reconhecida por seu modelo eficiente e foco em desempenho, a empresa oferece oportunidades claras de evolu\u00e7\u00e3o profissional, mesmo para quem est\u00e1 no in\u00edcio da carreira. Com presen\u00e7a forte em diversos pa\u00edses da Europa, o Aldi se destaca por sal\u00e1rios competitivos, plano de carreira bem definido e uma cultura organizacional baseada em disciplina, meritocracia e efici\u00eancia. Cultura do Aldi: Efici\u00eancia, Organiza\u00e7\u00e3o e M\u00e9rito A cultura do Aldi \u00e9 conhecida por ser objetiva e orientada a resultados. A empresa valoriza profissionais organizados, comprometidos e que saibam trabalhar com metas claras. Entre os principais pilares da cultura do Aldi est\u00e3o: Processos bem definidosAmbiente profissional e estruturadoValoriza\u00e7\u00e3o do desempenho individualResponsabilidade e autonomiaFoco em efici\u00eancia operacional O modelo de trabalho \u00e9 exigente, mas transparente, o que atrai pessoas que buscam crescimento real e previsibilidade na carreira. \ud83d\udc49 Se Inscreva Agora Mesmo Na ALDI (Voc\u00ea ser\u00e1 redirecionado para outra p\u00e1gina) Plano de Carreira: Crescimento Interno Bem Definido Um dos maiores diferenciais de trabalhar no Aldi \u00e9 o plano de carreira estruturado. A empresa investe fortemente na promo\u00e7\u00e3o interna e no desenvolvimento de talentos. \u00c9 comum que profissionais iniciem em cargos operacionais e, com bom desempenho, avancem para fun\u00e7\u00f5es como: Supervisor de lojaGerente de filialCoordenador regionalCargos administrativos e estrat\u00e9gicos O crescimento costuma ser baseado em performance, comprometimento e capacidade de lideran\u00e7a, o que torna o processo mais justo e previs\u00edvel. Benef\u00edcios Oferecidos pelo Aldi O Aldi oferece um pacote de benef\u00edcios competitivo dentro do varejo europeu, variando conforme o pa\u00eds e a fun\u00e7\u00e3o. Entre os principais benef\u00edcios, destacam-se: Sal\u00e1rios acima da m\u00e9dia do setorContratos est\u00e1veisPlano de crescimento internoTreinamentos cont\u00ednuosBenef\u00edcios sociais conforme a legisla\u00e7\u00e3o localAmbiente de trabalho organizado Para muitos profissionais, o equil\u00edbrio entre estabilidade financeira e crescimento profissional \u00e9 o principal atrativo. \ud83d\udc49 Vagas Dispon\u00edveis na ALDI (Voc\u00ea ser\u00e1 redirecionado para outra p\u00e1gina) Oportunidades para Diferentes Perfis Profissionais O Aldi oferece vagas para diversos n\u00edveis de experi\u00eancia, incluindo: Primeiro empregoProfissionais com experi\u00eancia em varejoCargos de lideran\u00e7a\u00c1reas administrativasLog\u00edstica e centros de distribui\u00e7\u00e3o A empresa tamb\u00e9m costuma contratar profissionais estrangeiros em v\u00e1rios pa\u00edses europeus, especialmente para fun\u00e7\u00f5es operacionais e de gest\u00e3o. Por Que o Aldi Atrai Tantos Profissionais na Europa? O Aldi se consolidou como uma das empresas mais procuradas no setor por oferecer: Estabilidade a longo prazoCrescimento estruturadoReconhecimento por desempenhoSal\u00e1rios competitivosCultura clara e organizada Para quem busca uma carreira s\u00f3lida no varejo europeu, o Aldi representa uma escolha estrat\u00e9gica. \ud83d\udc49 Acessar Vagas da ALDI (Voc\u00ea ser\u00e1 redirecionado para outra p\u00e1gina) Conclus\u00e3o: Trabalhar no Aldi Vale a Pena? Se voc\u00ea procura uma empresa que ofere\u00e7a plano de carreira real, benef\u00edcios consistentes e crescimento baseado em m\u00e9rito, o Aldi pode ser o pr\u00f3ximo passo da sua trajet\u00f3ria profissional.<\/p>","protected":false},"author":1,"featured_media":18987,"comment_status":"open","ping_status":"open","sticky":false,"template":"","format":"standard","meta":{"googlesitekit_rrm_CAow2qXbCw:productID":"","neve_meta_sidebar":"","neve_meta_container":"","neve_meta_enable_content_width":"","neve_meta_content_width":0,"neve_meta_title_alignment":"","neve_meta_author_avatar":"","neve_post_elements_order":"","neve_meta_disable_header":"","neve_meta_disable_footer":"","neve_meta_disable_title":"","footnotes":""},"categories":[1],"tags":[],"post_folder":[],"class_list":["post-18995","post","type-post","status-publish","format-standard","has-post-thumbnail","hentry","category-emprego"],"_links":{"self":[{"href":"https:\/\/jornal365.com.br\/tr\/wp-json\/wp\/v2\/posts\/18995","targetHints":{"allow":["GET"]}}],"collection":[{"href":"https:\/\/jornal365.com.br\/tr\/wp-json\/wp\/v2\/posts"}],"about":[{"href":"https:\/\/jornal365.com.br\/tr\/wp-json\/wp\/v2\/types\/post"}],"author":[{"embeddable":true,"href":"https:\/\/jornal365.com.br\/tr\/wp-json\/wp\/v2\/users\/1"}],"replies":[{"embeddable":true,"href":"https:\/\/jornal365.com.br\/tr\/wp-json\/wp\/v2\/comments?post=18995"}],"version-history":[{"count":19,"href":"https:\/\/jornal365.com.br\/tr\/wp-json\/wp\/v2\/posts\/18995\/revisions"}],"predecessor-version":[{"id":21347,"href":"https:\/\/jornal365.com.br\/tr\/wp-json\/wp\/v2\/posts\/18995\/revisions\/21347"}],"wp:featuredmedia":[{"embeddable":true,"href":"https:\/\/jornal365.com.br\/tr\/wp-json\/wp\/v2\/media\/18987"}],"wp:attachment":[{"href":"https:\/\/jornal365.com.br\/tr\/wp-json\/wp\/v2\/media?parent=18995"}],"wp:term":[{"taxonomy":"category","embeddable":true,"href":"https:\/\/jornal365.com.br\/tr\/wp-json\/wp\/v2\/categories?post=18995"},{"taxonomy":"post_tag","embeddable":true,"href":"https:\/\/jornal365.com.br\/tr\/wp-json\/wp\/v2\/tags?post=18995"},{"taxonomy":"post_folder","embeddable":true,"href":"https:\/\/jornal365.com.br\/tr\/wp-json\/wp\/v2\/post_folder?post=18995"}],"curies":[{"name":"wp","href":"https:\/\/api.w.org\/{rel}","templated":true}]}}