{"id":19097,"date":"2026-03-09T12:18:24","date_gmt":"2026-03-09T12:18:24","guid":{"rendered":"https:\/\/jornal365.com.br\/?p=19097"},"modified":"2026-08-20T15:09:29","modified_gmt":"2026-08-20T15:09:29","slug":"neden-lorealda-calismali","status":"publish","type":"post","link":"https:\/\/jornal365.com.br\/tr\/emprego\/por-que-trabalhar-na-loreal\/","title":{"rendered":"Neden L\u2019Or\u00e9al\u2019da \u00c7al\u0131\u015fmal\u0131? K\u00fcresel Kariyer, G\u00fczellik Alan\u0131nda Yenilik\u00e7ilik ve Mesleki Geli\u015fim"},"content":{"rendered":"<div data-elementor-type=\"wp-post\" data-elementor-id=\"19097\" class=\"elementor elementor-19097\">\n\t\t\t\t<div class=\"elementor-element elementor-element-d9fa4d6 e-flex e-con-boxed wpr-particle-no wpr-jarallax-no wpr-parallax-no wpr-sticky-section-no wpr-column-slider-no wpr-equal-height-no e-con e-parent\" data-id=\"d9fa4d6\" data-element_type=\"container\" data-e-type=\"container\">\n\t\t\t\t\t<div class=\"e-con-inner\">\n\t\t\t\t<div class=\"elementor-element elementor-element-63dad96 elementor-widget elementor-widget-text-editor\" data-id=\"63dad96\" data-element_type=\"widget\" data-e-type=\"widget\" data-widget_type=\"text-editor.default\">\n\t\t\t\t\t\t\t\t\t<p>Bu, se\u00e7ti\u011finiz i\u015f ilan\u0131d\u0131r. Tam bilgilere ula\u015fmak i\u00e7in t\u0131klay\u0131n:<\/p>\t\t\t\t\t\t\t\t<\/div>\n\t\t\t\t\t<\/div>\n\t\t\t\t<\/div>\n\t\t<div class=\"elementor-element elementor-element-50a2389 e-con-full e-flex wpr-particle-no wpr-jarallax-no wpr-parallax-no wpr-sticky-section-no wpr-column-slider-no wpr-equal-height-no e-con e-child\" data-id=\"50a2389\" data-element_type=\"container\" data-e-type=\"container\">\n\t\t<div class=\"elementor-element elementor-element-fec54a1 e-con-full e-flex wpr-particle-no wpr-jarallax-no wpr-parallax-no wpr-sticky-section-no wpr-column-slider-no wpr-equal-height-no e-con e-child\" data-id=\"fec54a1\" data-element_type=\"container\" data-e-type=\"container\">\n\t\t\t\t<div class=\"elementor-element elementor-element-01fc135 elementor-widget__width-initial elementor-widget elementor-widget-image\" data-id=\"01fc135\" data-element_type=\"widget\" data-e-type=\"widget\" data-widget_type=\"image.default\">\n\t\t\t\t\t\t\t\t\t\t\t\t\t\t\t\t<a href=\"https:\/\/jornal365.com.br\/tr\/is\/como-se-candidatar-as-vagas-na-loreal\/\">\n\t\t\t\t\t\t\t<img fetchpriority=\"high\" decoding=\"async\" width=\"1500\" height=\"1000\" src=\"https:\/\/jornal365.com.br\/wp-content\/uploads\/2026\/03\/LOREAL.jpg\" class=\"attachment-full size-full wp-image-19090\" alt=\"\" srcset=\"https:\/\/jornal365.com.br\/wp-content\/uploads\/2026\/03\/LOREAL.jpg 1500w, https:\/\/jornal365.com.br\/wp-content\/uploads\/2026\/03\/LOREAL-300x200.jpg 300w, https:\/\/jornal365.com.br\/wp-content\/uploads\/2026\/03\/LOREAL-1024x683.jpg 1024w, https:\/\/jornal365.com.br\/wp-content\/uploads\/2026\/03\/LOREAL-768x512.jpg 768w, https:\/\/jornal365.com.br\/wp-content\/uploads\/2026\/03\/LOREAL-18x12.jpg 18w, https:\/\/jornal365.com.br\/wp-content\/uploads\/2026\/03\/LOREAL-150x100.jpg 150w, https:\/\/jornal365.com.br\/wp-content\/uploads\/2026\/03\/LOREAL-330x220.jpg 330w, https:\/\/jornal365.com.br\/wp-content\/uploads\/2026\/03\/LOREAL-420x280.jpg 420w, https:\/\/jornal365.com.br\/wp-content\/uploads\/2026\/03\/LOREAL-510x340.jpg 510w\" sizes=\"(max-width: 1500px) 100vw, 1500px\" \/>\t\t\t\t\t\t\t\t<\/a>\n\t\t\t\t\t\t\t\t\t\t\t\t\t\t\t<\/div>\n\t\t\t\t<div class=\"elementor-element elementor-element-6e10572 elementor-widget elementor-widget-text-editor\" data-id=\"6e10572\" data-element_type=\"widget\" data-e-type=\"widget\" data-widget_type=\"text-editor.default\">\n\t\t\t\t\t\t\t\t\t<h3 class=\"mvp-post-title left entry-title\">L\u2019OR\u00c9AL\u2019da \u0130\u015f \u0130lanlar\u0131<\/h3>\t\t\t\t\t\t\t\t<\/div>\n\t\t\t\t<div class=\"elementor-element elementor-element-5ee7da6 elementor-widget elementor-widget-text-editor\" data-id=\"5ee7da6\" data-element_type=\"widget\" data-e-type=\"widget\" data-widget_type=\"text-editor.default\">\n\t\t\t\t\t\t\t\t\t<p><em>Mevcut \u0130\u015f \u0130lanlar\u0131\u00a0<\/em><\/p>\t\t\t\t\t\t\t\t<\/div>\n\t\t\t\t<div class=\"elementor-element elementor-element-819c3d6 elementor-widget elementor-widget-button\" data-id=\"819c3d6\" data-element_type=\"widget\" data-e-type=\"widget\" data-widget_type=\"button.default\">\n\t\t\t\t\t\t\t\t\t\t<a class=\"elementor-button elementor-button-link elementor-size-sm\" href=\"https:\/\/jornal365.com.br\/tr\/is\/como-se-candidatar-as-vagas-na-loreal\/\">\n\t\t\t\t\t\t<span class=\"elementor-button-content-wrapper\">\n\t\t\t\t\t\t\t\t\t<span class=\"elementor-button-text\">\u0130\u015e \u0130LANINA \u015e\u0130MD\u0130 ULA\u015eIN<\/span>\n\t\t\t\t\t<\/span>\n\t\t\t\t\t<\/a>\n\t\t\t\t\t\t\t\t<\/div>\n\t\t\t\t<\/div>\n\t\t\t\t<\/div>\n\t\t<div class=\"elementor-element elementor-element-8c752ca e-flex e-con-boxed wpr-particle-no wpr-jarallax-no wpr-parallax-no wpr-sticky-section-no wpr-column-slider-no wpr-equal-height-no e-con e-parent\" data-id=\"8c752ca\" data-element_type=\"container\" data-e-type=\"container\">\n\t\t\t\t\t<div class=\"e-con-inner\">\n\t\t\t\t<div class=\"elementor-element elementor-element-95c49a3 elementor-widget elementor-widget-text-editor\" data-id=\"95c49a3\" data-element_type=\"widget\" data-e-type=\"widget\" data-widget_type=\"text-editor.default\">\n\t\t\t\t\t\t\t\t\t<h6 style=\"text-align: center;\" data-start=\"513\" data-end=\"591\">(Ba\u015fka bir sayfaya y\u00f6nlendirileceksiniz)<\/h6>\t\t\t\t\t\t\t\t<\/div>\n\t\t\t\t\t<\/div>\n\t\t\t\t<\/div>\n\t\t<div class=\"elementor-element elementor-element-ce949c2 e-flex e-con-boxed wpr-particle-no wpr-jarallax-no wpr-parallax-no wpr-sticky-section-no wpr-column-slider-no wpr-equal-height-no e-con e-parent\" data-id=\"ce949c2\" data-element_type=\"container\" data-e-type=\"container\">\n\t\t\t\t\t<div class=\"e-con-inner\">\n\t\t\t\t<div class=\"elementor-element elementor-element-096176c elementor-widget elementor-widget-text-editor\" data-id=\"096176c\" data-element_type=\"widget\" data-e-type=\"widget\" data-widget_type=\"text-editor.default\">\n\t\t\t\t\t\t\t\t\t<p data-start=\"101\" data-end=\"446\">G\u00fczellik ve kozmetik sekt\u00f6r\u00fcnde faaliyet g\u00f6steren k\u00fcresel bir \u015firkette mesleki geli\u015fim arayanlar i\u00e7in L\u2019Or\u00e9al\u2019de \u00e7al\u0131\u015fmak m\u00fckemmel bir f\u0131rsat olabilir. Bir\u00e7ok \u00fclkede faaliyet g\u00f6steren ve yenilik\u00e7i markalar\u0131 ve \u00fcr\u00fcnleriyle d\u00fcnya \u00e7ap\u0131nda tan\u0131nan \u015firket, farkl\u0131 alanlardaki profesyonellere f\u0131rsatlar sunan dinamik bir \u00e7al\u0131\u015fma ortam\u0131 sa\u011flar.<\/p><p data-start=\"448\" data-end=\"621\">L\u2019Or\u00e9al, ara\u015ft\u0131rma, inovasyon ve \u00fcr\u00fcn geli\u015ftirme alanlar\u0131na s\u00fcrekli yat\u0131r\u0131m yapmas\u0131yla \u00f6ne \u00e7\u0131kmakta ve d\u00fcnyan\u0131n g\u00fczellik sekt\u00f6r\u00fcndeki en b\u00fcy\u00fck \u015firketlerinden biri olarak kabul edilmektedir.<\/p><p data-start=\"666\" data-end=\"908\">L\u2019Or\u00e9al, bir kozmetik \u015firketinden \u00f6te, profesyonellerin becerilerini geli\u015ftirebilecekleri, k\u00fcresel projelere kat\u0131labilecekleri ve kurum i\u00e7inde sa\u011flam bir kariyer in\u015fa edebilecekleri s\u00fcrekli bir \u00f6\u011frenme ortam\u0131 olarak konumlanmaktad\u0131r.<\/p><hr data-start=\"910\" data-end=\"913\" \/><h3 data-section-id=\"6w5rxa\" data-start=\"915\" data-end=\"965\">\u00c7e\u015fitlilik K\u00fclt\u00fcr\u00fc ve \u0130\u015fbirli\u011fine Dayal\u0131 Ortam<\/h3><p data-start=\"967\" data-end=\"1199\">L\u2019Or\u00e9al\u2019da \u00e7al\u0131\u015fman\u0131n en \u00f6nemli avantajlar\u0131ndan biri, \u00e7e\u015fitlilik, kapsay\u0131c\u0131l\u0131k ve i\u015fbirli\u011fine dayal\u0131 kurumsal k\u00fclt\u00fcr\u00fcd\u00fcr. \u015eirket, \u00e7e\u015fitlilik i\u00e7eren ekiplerin daha yarat\u0131c\u0131 fikirlere ve yenilik\u00e7i \u00e7\u00f6z\u00fcmlere katk\u0131da bulundu\u011funa inanmaktad\u0131r.<\/p><p data-start=\"1201\" data-end=\"1228\">Pratikte bu \u015fu anlama gelir:<\/p><p data-start=\"1230\" data-end=\"1394\">\u00c7okk\u00fclt\u00fcrl\u00fc ve kapsay\u0131c\u0131 bir ortam<br data-start=\"1264\" data-end=\"1267\" \/>Farkl\u0131 mesleki profillerin de\u011ferlendirilmesi<br data-start=\"1313\" data-end=\"1316\" \/>Tak\u0131m \u00e7al\u0131\u015fmas\u0131n\u0131 te\u015fvik etme<br data-start=\"1347\" data-end=\"1350\" \/>K\u00fclt\u00fcrel ve sosyal farkl\u0131l\u0131klara sayg\u0131<\/p><p data-start=\"1396\" data-end=\"1527\">Bu yakla\u015f\u0131m, \u00e7al\u0131\u015fanlar\u0131n yarat\u0131c\u0131l\u0131\u011f\u0131n, yenili\u011fin ve deneyim payla\u015f\u0131m\u0131n\u0131n \u00f6nemsendi\u011fi bir ortamda kendilerini geli\u015ftirmelerine olanak tan\u0131r.<\/p>\t\t\t\t\t\t\t\t<\/div>\n\t\t\t\t\t<\/div>\n\t\t\t\t<\/div>\n\t\t<div class=\"elementor-element elementor-element-4e11697 e-flex e-con-boxed wpr-particle-no wpr-jarallax-no wpr-parallax-no wpr-sticky-section-no wpr-column-slider-no wpr-equal-height-no e-con e-parent\" data-id=\"4e11697\" data-element_type=\"container\" data-e-type=\"container\">\n\t\t\t\t\t<div class=\"e-con-inner\">\n\t\t\t\t<div class=\"elementor-element elementor-element-c2058cd elementor-align-center elementor-widget elementor-widget-button\" data-id=\"c2058cd\" data-element_type=\"widget\" data-e-type=\"widget\" data-widget_type=\"button.default\">\n\t\t\t\t\t\t\t\t\t\t<a class=\"elementor-button elementor-button-link elementor-size-sm\" href=\"https:\/\/jornal365.com.br\/tr\/is\/como-se-candidatar-as-vagas-na-loreal\/\">\n\t\t\t\t\t\t<span class=\"elementor-button-content-wrapper\">\n\t\t\t\t\t\t\t\t\t<span class=\"elementor-button-text\">\ud83d\udc49 L&#x27;Or\u00e9al&#x27;de Bir \u0130\u015f \u0130lan\u0131na Ba\u015fvurun<\/span>\n\t\t\t\t\t<\/span>\n\t\t\t\t\t<\/a>\n\t\t\t\t\t\t\t\t<\/div>\n\t\t\t\t\t<\/div>\n\t\t\t\t<\/div>\n\t\t<div class=\"elementor-element elementor-element-c38d3da e-flex e-con-boxed wpr-particle-no wpr-jarallax-no wpr-parallax-no wpr-sticky-section-no wpr-column-slider-no wpr-equal-height-no e-con e-parent\" data-id=\"c38d3da\" data-element_type=\"container\" data-e-type=\"container\">\n\t\t\t\t\t<div class=\"e-con-inner\">\n\t\t\t\t<div class=\"elementor-element elementor-element-ada6c3a elementor-widget elementor-widget-text-editor\" data-id=\"ada6c3a\" data-element_type=\"widget\" data-e-type=\"widget\" data-widget_type=\"text-editor.default\">\n\t\t\t\t\t\t\t\t\t<h6 style=\"text-align: center;\" data-start=\"513\" data-end=\"591\">(Ba\u015fka bir sayfaya y\u00f6nlendirileceksiniz)<\/h6>\t\t\t\t\t\t\t\t<\/div>\n\t\t\t\t<div class=\"elementor-element elementor-element-38ac989 elementor-widget elementor-widget-text-editor\" data-id=\"38ac989\" data-element_type=\"widget\" data-e-type=\"widget\" data-widget_type=\"text-editor.default\">\n\t\t\t\t\t\t\t\t\t<h3 data-section-id=\"1r21e2q\" data-start=\"1582\" data-end=\"1625\">G\u00fczellik Sekt\u00f6r\u00fcnde Yenilik\u00e7ilik ve Liderlik<\/h3><p data-start=\"1627\" data-end=\"1785\">L\u2019Or\u00e9al, ara\u015ft\u0131rma ve geli\u015ftirmeye b\u00fcy\u00fck yat\u0131r\u0131mlar yap\u0131yor ve g\u00fczellik ve ki\u015fisel bak\u0131m pazar\u0131 i\u00e7in s\u00fcrekli olarak yeni teknolojiler ve \u00e7\u00f6z\u00fcmler ar\u0131yor.<\/p><p data-start=\"1787\" data-end=\"1830\">\u015eirketin ba\u015fl\u0131ca odak alanlar\u0131 aras\u0131nda \u015funlar yer almaktad\u0131r:<\/p><p data-start=\"1832\" data-end=\"2032\">Yeni kozmetik \u00fcr\u00fcnlerin geli\u015ftirilmesi<br data-start=\"1876\" data-end=\"1879\" \/>G\u00fczellik ve cilt bak\u0131m\u0131na uygulanan teknoloji<br data-start=\"1929\" data-end=\"1932\" \/>\u00dcretim ve ambalajlama i\u00e7in s\u00fcrd\u00fcr\u00fclebilir \u00e7\u00f6z\u00fcmler<br data-start=\"1980\" data-end=\"1983\" \/>Dermatoloji ve kozmetoloji alanlar\u0131nda bilimsel ara\u015ft\u0131rma<\/p><p data-start=\"2034\" data-end=\"2174\">\u0130novasyona yap\u0131lan bu yat\u0131r\u0131m, geli\u015fmi\u015f ve s\u00fcrekli evrim ge\u00e7iren projelerde \u00e7al\u0131\u015fmak isteyen profesyoneller i\u00e7in f\u0131rsatlar yaratmaktad\u0131r.<\/p><hr data-start=\"2176\" data-end=\"2179\" \/><h3 data-section-id=\"18v7ywj\" data-start=\"2181\" data-end=\"2224\">\u00c7al\u0131\u015fanlara Sunulan Avantajlar<\/h3><p data-start=\"2226\" data-end=\"2443\">L\u2019Or\u00e9al, \u00fclkeye, pozisyona ve s\u00f6zle\u015fme t\u00fcr\u00fcne g\u00f6re de\u011fi\u015fiklik g\u00f6sterebilen rekabet\u00e7i bir sosyal haklar paketi sunmaktad\u0131r. \u015eirket, \u00e7al\u0131\u015fanlar\u0131n\u0131n refah\u0131na ve geli\u015fimine y\u00f6nelik giri\u015fimlere yat\u0131r\u0131m yapmaktad\u0131r.<\/p><p data-start=\"2445\" data-end=\"2483\">En yayg\u0131n faydalar aras\u0131nda \u015funlar yer almaktad\u0131r:<\/p><p data-start=\"2485\" data-end=\"2665\">Piyasa ko\u015fullar\u0131na uygun maa\u015f<br data-start=\"2517\" data-end=\"2520\" \/>Sa\u011fl\u0131k ve refah programlar\u0131<br data-start=\"2550\" data-end=\"2553\" \/>Marka \u00fcr\u00fcnlerinde indirimler<br data-start=\"2583\" data-end=\"2586\" \/>Kurumsal ve sosyal faydalar<br data-start=\"2619\" data-end=\"2622\" \/>Mesleki geli\u015fim programlar\u0131<\/p><p data-start=\"2667\" data-end=\"2771\">Bu avantajlar, \u015firketin farkl\u0131 alanlarda yetenekli \u00e7al\u0131\u015fanlar\u0131 \u00e7ekmek ve elde tutmak i\u00e7in izledi\u011fi stratejinin bir par\u00e7as\u0131d\u0131r.<\/p>\t\t\t\t\t\t\t\t<\/div>\n\t\t\t\t\t<\/div>\n\t\t\t\t<\/div>\n\t\t<div class=\"elementor-element elementor-element-0dfad14 e-flex e-con-boxed wpr-particle-no wpr-jarallax-no wpr-parallax-no wpr-sticky-section-no wpr-column-slider-no wpr-equal-height-no e-con e-parent\" data-id=\"0dfad14\" data-element_type=\"container\" data-e-type=\"container\">\n\t\t\t\t\t<div class=\"e-con-inner\">\n\t\t\t\t<div class=\"elementor-element elementor-element-96fb33f elementor-align-center elementor-widget elementor-widget-button\" data-id=\"96fb33f\" data-element_type=\"widget\" data-e-type=\"widget\" data-widget_type=\"button.default\">\n\t\t\t\t\t\t\t\t\t\t<a class=\"elementor-button elementor-button-link elementor-size-sm\" href=\"https:\/\/jornal365.com.br\/tr\/is\/como-se-candidatar-as-vagas-na-loreal\/\">\n\t\t\t\t\t\t<span class=\"elementor-button-content-wrapper\">\n\t\t\t\t\t\t\t\t\t<span class=\"elementor-button-text\">\ud83d\udc49 L&#x27;Or\u00e9al&#x27;de A\u00e7\u0131k Pozisyonlar<\/span>\n\t\t\t\t\t<\/span>\n\t\t\t\t\t<\/a>\n\t\t\t\t\t\t\t\t<\/div>\n\t\t\t\t\t<\/div>\n\t\t\t\t<\/div>\n\t\t<div class=\"elementor-element elementor-element-de2a262 e-flex e-con-boxed wpr-particle-no wpr-jarallax-no wpr-parallax-no wpr-sticky-section-no wpr-column-slider-no wpr-equal-height-no e-con e-parent\" data-id=\"de2a262\" data-element_type=\"container\" data-e-type=\"container\">\n\t\t\t\t\t<div class=\"e-con-inner\">\n\t\t\t\t<div class=\"elementor-element elementor-element-d68378d elementor-widget elementor-widget-text-editor\" data-id=\"d68378d\" data-element_type=\"widget\" data-e-type=\"widget\" data-widget_type=\"text-editor.default\">\n\t\t\t\t\t\t\t\t\t<h6 style=\"text-align: center;\" data-start=\"513\" data-end=\"591\">(Ba\u015fka bir sayfaya y\u00f6nlendirileceksiniz)<\/h6>\t\t\t\t\t\t\t\t<\/div>\n\t\t\t\t\t<\/div>\n\t\t\t\t<\/div>\n\t\t<div class=\"elementor-element elementor-element-446f8a1 e-flex e-con-boxed wpr-particle-no wpr-jarallax-no wpr-parallax-no wpr-sticky-section-no wpr-column-slider-no wpr-equal-height-no e-con e-parent\" data-id=\"446f8a1\" data-element_type=\"container\" data-e-type=\"container\">\n\t\t\t\t\t<div class=\"e-con-inner\">\n\t\t\t\t<div class=\"elementor-element elementor-element-5628a18 elementor-widget elementor-widget-text-editor\" data-id=\"5628a18\" data-element_type=\"widget\" data-e-type=\"widget\" data-widget_type=\"text-editor.default\">\n\t\t\t\t\t\t\t\t\t<h3 data-section-id=\"eaebn3\" data-start=\"2811\" data-end=\"2861\">B\u00fcy\u00fcme ve Geli\u015fim F\u0131rsatlar\u0131<\/h3><p data-start=\"2863\" data-end=\"3022\">L\u2019Or\u00e9al, \u00e7al\u0131\u015fanlar\u0131n\u0131n kariyer geli\u015fimine b\u00fcy\u00fck yat\u0131r\u0131m yap\u0131yor ve e\u011fitim programlar\u0131 ile \u015firket i\u00e7i y\u00fckselme f\u0131rsatlar\u0131 sunuyor.<\/p><p data-start=\"3024\" data-end=\"3064\">Sunulan f\u0131rsatlar aras\u0131nda \u015funlar yer almaktad\u0131r:<\/p><p data-start=\"3066\" data-end=\"3263\">Mesleki e\u011fitim programlar\u0131<br data-start=\"3103\" data-end=\"3106\" \/>\u015eirket i\u00e7i e\u011fitimler ve liderlik geli\u015fimi<br data-start=\"3158\" data-end=\"3161\" \/>K\u00fcresel projeler ve ekipler aras\u0131 i\u015fbirli\u011fi<br data-start=\"3205\" data-end=\"3208\" \/>\u015eirket i\u00e7inde i\u00e7 mobilite imk\u00e2n\u0131<\/p><p data-start=\"3265\" data-end=\"3373\">Bu strateji, bir\u00e7ok profesyonelin kurum i\u00e7inde uzun vadeli kariyer yollar\u0131 olu\u015fturmas\u0131na olanak tan\u0131r.<\/p><hr data-start=\"3375\" data-end=\"3378\" \/><h3 data-section-id=\"16fiipg\" data-start=\"3380\" data-end=\"3411\">L\u2019Or\u00e9al\u2019de Faaliyet Alanlar\u0131<\/h3><p data-start=\"3413\" data-end=\"3523\">\u015eirket, g\u00fczellik, inovasyon ve kurumsal y\u00f6netim sekt\u00f6rleriyle ilgili farkl\u0131 alanlarda i\u015f f\u0131rsatlar\u0131 sunmaktad\u0131r.<\/p><p data-start=\"3525\" data-end=\"3558\">En yayg\u0131n alanlar aras\u0131nda \u015funlar yer almaktad\u0131r:<\/p><p data-start=\"3560\" data-end=\"3775\">\u00dcr\u00fcn ara\u015ft\u0131rma ve geli\u015ftirme<br data-start=\"3598\" data-end=\"3601\" \/>Pazarlama ve ileti\u015fim<br data-start=\"3624\" data-end=\"3627\" \/>Sat\u0131\u015f ve ticari y\u00f6netim<br data-start=\"3652\" data-end=\"3655\" \/>Lojistik ve tedarik zinciri<br data-start=\"3688\" data-end=\"3691\" \/>Teknoloji ve dijital inovasyon<br data-start=\"3720\" data-end=\"3723\" \/>Finans, insan kaynaklar\u0131 ve idari birimler<\/p><p data-start=\"3777\" data-end=\"3901\">Bu alanlardaki \u00e7e\u015fitlilik, farkl\u0131 e\u011fitim ge\u00e7mi\u015flerine sahip profesyonellerin kendi profillerine uygun f\u0131rsatlar bulmalar\u0131n\u0131 sa\u011flar.<\/p>\t\t\t\t\t\t\t\t<\/div>\n\t\t\t\t<div class=\"elementor-element elementor-element-b750b33 elementor-align-center elementor-widget elementor-widget-button\" data-id=\"b750b33\" data-element_type=\"widget\" data-e-type=\"widget\" data-widget_type=\"button.default\">\n\t\t\t\t\t\t\t\t\t\t<a class=\"elementor-button elementor-button-link elementor-size-sm\" href=\"https:\/\/jornal365.com.br\/tr\/is\/como-se-candidatar-as-vagas-na-loreal\/\">\n\t\t\t\t\t\t<span class=\"elementor-button-content-wrapper\">\n\t\t\t\t\t\t\t\t\t<span class=\"elementor-button-text\">\ud83d\udc49 L&#x27;Or\u00e9al&#x27;in i\u015f ilanlar\u0131na g\u00f6z at\u0131n<\/span>\n\t\t\t\t\t<\/span>\n\t\t\t\t\t<\/a>\n\t\t\t\t\t\t\t\t<\/div>\n\t\t\t\t\t<\/div>\n\t\t\t\t<\/div>\n\t\t<div class=\"elementor-element elementor-element-9c0dbf0 e-flex e-con-boxed wpr-particle-no wpr-jarallax-no wpr-parallax-no wpr-sticky-section-no wpr-column-slider-no wpr-equal-height-no e-con e-parent\" data-id=\"9c0dbf0\" data-element_type=\"container\" data-e-type=\"container\">\n\t\t\t\t\t<div class=\"e-con-inner\">\n\t\t\t\t<div class=\"elementor-element elementor-element-f07ed45 elementor-widget elementor-widget-text-editor\" data-id=\"f07ed45\" data-element_type=\"widget\" data-e-type=\"widget\" data-widget_type=\"text-editor.default\">\n\t\t\t\t\t\t\t\t\t<h6 style=\"text-align: center;\" data-start=\"513\" data-end=\"591\">(Ba\u015fka bir sayfaya y\u00f6nlendirileceksiniz)<\/h6>\t\t\t\t\t\t\t\t<\/div>\n\t\t\t\t\t<\/div>\n\t\t\t\t<\/div>\n\t\t<div class=\"elementor-element elementor-element-45172ce e-flex e-con-boxed wpr-particle-no wpr-jarallax-no wpr-parallax-no wpr-sticky-section-no wpr-column-slider-no wpr-equal-height-no e-con e-parent\" data-id=\"45172ce\" data-element_type=\"container\" data-e-type=\"container\">\n\t\t\t\t\t<div class=\"e-con-inner\">\n\t\t\t\t<div class=\"elementor-element elementor-element-00be319 elementor-widget elementor-widget-text-editor\" data-id=\"00be319\" data-element_type=\"widget\" data-e-type=\"widget\" data-widget_type=\"text-editor.default\">\n\t\t\t\t\t\t\t\t\t<h2 data-section-id=\"1xgqztb\" data-start=\"3937\" data-end=\"3985\">Sonu\u00e7: L\u2019Or\u00e9al\u2019da \u00c7al\u0131\u015fmaya De\u011fer mi?<\/h2><p data-start=\"3987\" data-end=\"4003\">E\u011fer arad\u0131\u011f\u0131n\u0131z \u015fey:<\/p><p data-start=\"4005\" data-end=\"4228\">Yenilik\u00e7i \u00e7al\u0131\u015fma ortam\u0131<br data-start=\"4034\" data-end=\"4037\" \/>G\u00fczellik sekt\u00f6r\u00fcnde lider \u015firket<br data-start=\"4069\" data-end=\"4072\" \/>Mesleki geli\u015fim f\u0131rsatlar\u0131<br data-start=\"4113\" data-end=\"4116\" \/>K\u00fcresel projeler ve farkl\u0131 pazarlarla temas<br data-start=\"4166\" data-end=\"4169\" \/>Uluslararas\u0131 d\u00fczeyde tan\u0131nan bir \u015firkette edinilen deneyim<\/p><p data-start=\"4230\" data-end=\"4417\" data-is-last-node=\"\" data-is-only-node=\"\">L\u2019Or\u00e9al\u2019de \u00e7al\u0131\u015fmak, g\u00fczellik ve kozmetik sekt\u00f6r\u00fcnde k\u00fcresel, yenilik\u00e7i ve s\u00fcrekli geli\u015fen bir \u015firkette kariyerini geli\u015ftirmek isteyenler i\u00e7in \u00f6nemli bir ad\u0131m olabilir.<\/p>\t\t\t\t\t\t\t\t<\/div>\n\t\t\t\t\t<\/div>\n\t\t\t\t<\/div>\n\t\t\t\t<\/div>","protected":false},"excerpt":{"rendered":"<p>Esta \u00e9 a vaga que voc\u00ea selecionou. Clique para acessar as informa\u00e7\u00f5es completas: Vagas na L&#8217;OR\u00c9AL Vagas Dispon\u00edveis\u00a0 ACESSAR VAGA AGORA (Voc\u00ea ser\u00e1 redirecionado para outra p\u00e1gina) Para quem busca crescimento profissional em uma empresa global do setor de beleza e cosm\u00e9ticos, trabalhar na L&#8217;Or\u00e9al pode ser uma excelente oportunidade. Presente em diversos pa\u00edses e reconhecida mundialmente por suas marcas e produtos inovadores, a empresa oferece um ambiente din\u00e2mico, com oportunidades para profissionais de diferentes \u00e1reas. A L&#8217;Or\u00e9al se destaca por investir constantemente em pesquisa, inova\u00e7\u00e3o e desenvolvimento de produtos, sendo considerada uma das maiores empresas do setor de beleza no mundo. Mais do que uma empresa de cosm\u00e9ticos, a L&#8217;Or\u00e9al se posiciona como um ambiente de aprendizado cont\u00ednuo, onde profissionais podem desenvolver suas habilidades, participar de projetos globais e construir carreiras s\u00f3lidas dentro da organiza\u00e7\u00e3o. Cultura de Diversidade e Ambiente Colaborativo Um dos principais diferenciais de trabalhar na L&#8217;Or\u00e9al \u00e9 sua cultura organizacional baseada em diversidade, inclus\u00e3o e colabora\u00e7\u00e3o. A empresa acredita que equipes diversas contribuem para ideias mais criativas e solu\u00e7\u00f5es inovadoras. Na pr\u00e1tica, isso significa: Ambiente multicultural e inclusivoValoriza\u00e7\u00e3o de diferentes perfis profissionaisIncentivo ao trabalho em equipeRespeito \u00e0s diferen\u00e7as culturais e sociais Essa abordagem permite que colaboradores se desenvolvam em um ambiente que valoriza criatividade, inova\u00e7\u00e3o e troca de experi\u00eancias. \ud83d\udc49 Se Inscreva Em Uma Vaga Na L&#8217;Or\u00e9al (Voc\u00ea ser\u00e1 redirecionado para outra p\u00e1gina) Inova\u00e7\u00e3o e Lideran\u00e7a no Setor de Beleza A L&#8217;Or\u00e9al investe fortemente em pesquisa e desenvolvimento, buscando constantemente novas tecnologias e solu\u00e7\u00f5es para o mercado de beleza e cuidados pessoais. Entre os principais focos da empresa est\u00e3o: Desenvolvimento de novos produtos cosm\u00e9ticosTecnologia aplicada \u00e0 beleza e cuidados com a peleSolu\u00e7\u00f5es sustent\u00e1veis para produ\u00e7\u00e3o e embalagensPesquisa cient\u00edfica em dermatologia e cosm\u00e9tica Esse investimento em inova\u00e7\u00e3o cria oportunidades para profissionais interessados em trabalhar em projetos avan\u00e7ados e em constante evolu\u00e7\u00e3o. Benef\u00edcios Oferecidos aos Colaboradores A L&#8217;Or\u00e9al oferece um pacote de benef\u00edcios competitivo, que pode variar de acordo com o pa\u00eds, cargo e tipo de contrato. A empresa investe em iniciativas voltadas ao bem-estar e ao desenvolvimento de seus colaboradores. Entre os benef\u00edcios mais comuns est\u00e3o: Sal\u00e1rio compat\u00edvel com o mercadoProgramas de sa\u00fade e bem-estarDescontos em produtos da marcaBenef\u00edcios corporativos e sociaisProgramas de desenvolvimento profissional Esses benef\u00edcios fazem parte da estrat\u00e9gia da empresa para atrair e manter talentos em diferentes \u00e1reas. \ud83d\udc49 Vagas Dispon\u00edveis na L&#8217;Or\u00e9al (Voc\u00ea ser\u00e1 redirecionado para outra p\u00e1gina) Oportunidades de Crescimento e Desenvolvimento A L&#8217;Or\u00e9al investe fortemente no desenvolvimento de carreira de seus colaboradores, oferecendo programas de treinamento e oportunidades internas de crescimento. Entre as oportunidades oferecidas est\u00e3o: Programas de capacita\u00e7\u00e3o profissionalTreinamentos internos e desenvolvimento de lideran\u00e7aProjetos globais e interc\u00e2mbio entre equipesPossibilidade de mobilidade interna dentro da empresa Essa estrat\u00e9gia permite que muitos profissionais construam trajet\u00f3rias de longo prazo dentro da organiza\u00e7\u00e3o. \u00c1reas de Atua\u00e7\u00e3o na L&#8217;Or\u00e9al A empresa oferece oportunidades em diferentes \u00e1reas ligadas ao setor de beleza, inova\u00e7\u00e3o e gest\u00e3o corporativa. Entre as \u00e1reas mais comuns est\u00e3o: Pesquisa e desenvolvimento de produtosMarketing e comunica\u00e7\u00e3oVendas e gest\u00e3o comercialLog\u00edstica e cadeia de suprimentosTecnologia e inova\u00e7\u00e3o digitalFinan\u00e7as, recursos humanos e \u00e1reas administrativas Essa diversidade de \u00e1reas permite que profissionais de diferentes forma\u00e7\u00f5es encontrem oportunidades alinhadas ao seu perfil. \ud83d\udc49 Acessar Vagas da L&#8217;Or\u00e9al (Voc\u00ea ser\u00e1 redirecionado para outra p\u00e1gina) Conclus\u00e3o: Vale a Pena Trabalhar na L&#8217;Or\u00e9al? Se voc\u00ea procura: Ambiente de trabalho inovadorEmpresa l\u00edder no setor de belezaOportunidades de crescimento profissionalProjetos globais e contato com diferentes mercadosExperi\u00eancia em uma empresa reconhecida internacionalmente Trabalhar na L&#8217;Or\u00e9al pode representar um passo importante para quem deseja desenvolver carreira em uma empresa global, inovadora e em constante evolu\u00e7\u00e3o no mercado de beleza e cosm\u00e9ticos.<\/p>","protected":false},"author":1,"featured_media":19089,"comment_status":"open","ping_status":"open","sticky":false,"template":"","format":"standard","meta":{"googlesitekit_rrm_CAow2qXbCw:productID":"","neve_meta_sidebar":"","neve_meta_container":"","neve_meta_enable_content_width":"","neve_meta_content_width":0,"neve_meta_title_alignment":"","neve_meta_author_avatar":"","neve_post_elements_order":"","neve_meta_disable_header":"","neve_meta_disable_footer":"","neve_meta_disable_title":"","footnotes":""},"categories":[1],"tags":[],"post_folder":[],"class_list":["post-19097","post","type-post","status-publish","format-standard","has-post-thumbnail","hentry","category-emprego"],"_links":{"self":[{"href":"https:\/\/jornal365.com.br\/tr\/wp-json\/wp\/v2\/posts\/19097","targetHints":{"allow":["GET"]}}],"collection":[{"href":"https:\/\/jornal365.com.br\/tr\/wp-json\/wp\/v2\/posts"}],"about":[{"href":"https:\/\/jornal365.com.br\/tr\/wp-json\/wp\/v2\/types\/post"}],"author":[{"embeddable":true,"href":"https:\/\/jornal365.com.br\/tr\/wp-json\/wp\/v2\/users\/1"}],"replies":[{"embeddable":true,"href":"https:\/\/jornal365.com.br\/tr\/wp-json\/wp\/v2\/comments?post=19097"}],"version-history":[{"count":22,"href":"https:\/\/jornal365.com.br\/tr\/wp-json\/wp\/v2\/posts\/19097\/revisions"}],"predecessor-version":[{"id":21410,"href":"https:\/\/jornal365.com.br\/tr\/wp-json\/wp\/v2\/posts\/19097\/revisions\/21410"}],"wp:featuredmedia":[{"embeddable":true,"href":"https:\/\/jornal365.com.br\/tr\/wp-json\/wp\/v2\/media\/19089"}],"wp:attachment":[{"href":"https:\/\/jornal365.com.br\/tr\/wp-json\/wp\/v2\/media?parent=19097"}],"wp:term":[{"taxonomy":"category","embeddable":true,"href":"https:\/\/jornal365.com.br\/tr\/wp-json\/wp\/v2\/categories?post=19097"},{"taxonomy":"post_tag","embeddable":true,"href":"https:\/\/jornal365.com.br\/tr\/wp-json\/wp\/v2\/tags?post=19097"},{"taxonomy":"post_folder","embeddable":true,"href":"https:\/\/jornal365.com.br\/tr\/wp-json\/wp\/v2\/post_folder?post=19097"}],"curies":[{"name":"wp","href":"https:\/\/api.w.org\/{rel}","templated":true}]}}